{"id":1021,"date":"2021-06-23T17:34:37","date_gmt":"2021-06-23T20:34:37","guid":{"rendered":"http:\/\/professorlemos.com.br\/?p=1021"},"modified":"2021-06-23T17:50:57","modified_gmt":"2021-06-23T20:50:57","slug":"governo-aprova-novo-ataque-a-previdencia-dos-servidores","status":"publish","type":"post","link":"https:\/\/professorlemos.com.br\/?p=1021","title":{"rendered":"Governo aprova novo ataque \u00e0 previd\u00eancia dos servidores"},"content":{"rendered":"\n<p>Com voto contr\u00e1rio dos deputados de oposi\u00e7\u00e3o, que sa\u00edram em defesa dos servidores p\u00fablicos contra mais um ataque do governo Ratinho Jr. \u00e0 previd\u00eancia do funcionalismo, a Assembleia Legislativa (Alep) aprovou hoje (23) o projeto de lei 189\/2021, que regulamenta a desonera\u00e7\u00e3o do Estado da contribui\u00e7\u00e3o previdenci\u00e1ria enquanto mant\u00e9m inalterados os encargos previdenci\u00e1rios dos servidores p\u00fablicos.<\/p>\n\n\n\n<p>No in\u00edcio da tarde, as emendas apresentadas pela oposi\u00e7\u00e3o, como a proposta que retorna para 11% a al\u00edquota previdenci\u00e1ria do funcionalismo e tamb\u00e9m a que retira o desconto da previd\u00eancia para os aposentados que recebem menos do que o teto do INSS, receberam parecer contr\u00e1rio do l\u00edder do governo, deputado Hussein Bakri, (PSD) na Comiss\u00e3o de Constitui\u00e7\u00e3o e Justi\u00e7a (CCJ) e foram rejeitadas.<\/p>\n\n\n\n<p>Em seguida, o projeto foi votado em plen\u00e1rio em segunda e terceira discuss\u00f5es, sob cr\u00edticas da oposi\u00e7\u00e3o. L\u00edder da bancada, o deputado Professor Lemos (PT) encaminhou voto contra e ressaltou que o projeto \u00e9 prejudicial aos servidores p\u00fablicos.<\/p>\n\n\n\n<p>\u201cO governo quer deixar de repassar R$ 15,1 bilh\u00f5es para os fundos previdenci\u00e1rios, com o argumento de que tem super\u00e1vit. Claro que tem super\u00e1vit! Aumentou o tempo de contribui\u00e7\u00e3o; aumentou a idade para aposentadoria; diminui o tamanho do benef\u00edcio; e aumentou a al\u00edquota, reduzindo o sal\u00e1rio dos trabalhadores do Estado; claro que iria gerar super\u00e1vit! Agora o Estado, como empregador, quer se desobrigar a contribuir com a previd\u00eancia e continuar tomando dos servidores boa parte dos sal\u00e1rios. Este projeto contraria o interesse p\u00fablico e prejudica os funcion\u00e1rios p\u00fablicos do Paran\u00e1!\u201d.<\/p>\n\n\n\n<p>Lemos defendeu que o super\u00e1vit identificado pelo governo na previd\u00eancia deve ser utilizado em benef\u00edcio dos verdadeiros donos da previd\u00eancia, os funcion\u00e1rios p\u00fablicos.<\/p>\n\n\n\n<p>\u201cO governo precisa desonerar, sim, o empregador, mas que desonere tamb\u00e9m os verdadeiros donos do fundo previdenci\u00e1rios, os servidores civis e militares, que s\u00e3o os leg\u00edtimos donos da previd\u00eancia!\u201d.<\/p>\n\n\n\n<p>Al\u00e9m de Lemos, votaram contra o PL 189\/2021 os deputados Anibelli Neto (MDB), Arilson Chiorato (PT), Goura (PDT), Luciana Rafagnin (PT), Tadeu Veneri (PT) e Requi\u00e3o Filho (MDB).<\/p>\n\n\n\n<p><\/p>\n","protected":false},"excerpt":{"rendered":"<p>Com voto contr\u00e1rio dos deputados de oposi\u00e7\u00e3o, que sa\u00edram em defesa dos servidores p\u00fablicos contra mais um ataque do governo Ratinho Jr. \u00e0 previd\u00eancia do funcionalismo, a Assembleia Legislativa (Alep) aprovou hoje (23) o projeto de lei 189\/2021, que regulamenta a desonera\u00e7\u00e3o do Estado da contribui\u00e7\u00e3o previdenci\u00e1ria enquanto mant\u00e9m inalterados os encargos previdenci\u00e1rios dos servidores [&hellip;]<\/p>\n","protected":false},"author":1,"featured_media":952,"comment_status":"open","ping_status":"open","sticky":false,"template":"","format":"standard","meta":{"footnotes":""},"categories":[36],"tags":[],"class_list":{"0":"post-1021","1":"post","2":"type-post","3":"status-publish","4":"format-standard","5":"has-post-thumbnail","7":"category-servidores-publicos"},"_links":{"self":[{"href":"https:\/\/professorlemos.com.br\/index.php?rest_route=\/wp\/v2\/posts\/1021","targetHints":{"allow":["GET"]}}],"collection":[{"href":"https:\/\/professorlemos.com.br\/index.php?rest_route=\/wp\/v2\/posts"}],"about":[{"href":"https:\/\/professorlemos.com.br\/index.php?rest_route=\/wp\/v2\/types\/post"}],"author":[{"embeddable":true,"href":"https:\/\/professorlemos.com.br\/index.php?rest_route=\/wp\/v2\/users\/1"}],"replies":[{"embeddable":true,"href":"https:\/\/professorlemos.com.br\/index.php?rest_route=%2Fwp%2Fv2%2Fcomments&post=1021"}],"version-history":[{"count":2,"href":"https:\/\/professorlemos.com.br\/index.php?rest_route=\/wp\/v2\/posts\/1021\/revisions"}],"predecessor-version":[{"id":1023,"href":"https:\/\/professorlemos.com.br\/index.php?rest_route=\/wp\/v2\/posts\/1021\/revisions\/1023"}],"wp:featuredmedia":[{"embeddable":true,"href":"https:\/\/professorlemos.com.br\/index.php?rest_route=\/wp\/v2\/media\/952"}],"wp:attachment":[{"href":"https:\/\/professorlemos.com.br\/index.php?rest_route=%2Fwp%2Fv2%2Fmedia&parent=1021"}],"wp:term":[{"taxonomy":"category","embeddable":true,"href":"https:\/\/professorlemos.com.br\/index.php?rest_route=%2Fwp%2Fv2%2Fcategories&post=1021"},{"taxonomy":"post_tag","embeddable":true,"href":"https:\/\/professorlemos.com.br\/index.php?rest_route=%2Fwp%2Fv2%2Ftags&post=1021"}],"curies":[{"name":"wp","href":"https:\/\/api.w.org\/{rel}","templated":true}]}}