{"id":1027,"date":"2021-06-29T16:54:13","date_gmt":"2021-06-29T19:54:13","guid":{"rendered":"http:\/\/professorlemos.com.br\/?p=1027"},"modified":"2021-06-29T16:54:20","modified_gmt":"2021-06-29T19:54:20","slug":"agora-nao-e-so-pisotear-e-jogar-bomba-e-a-morte-diz-lemos-sobre-o-descaso-do-governo-ratinho-jr-com-os-educadores-do-parana","status":"publish","type":"post","link":"https:\/\/professorlemos.com.br\/?p=1027","title":{"rendered":"\u201cAgora n\u00e3o \u00e9 s\u00f3 pisotear e jogar bomba, \u00e9 a morte!\u201d, diz Lemos sobre o descaso do governo Ratinho Jr. com os educadores do Paran\u00e1"},"content":{"rendered":"\n<p>\u201cSe tivemos o ataque do \u00c1lvaro Dias contra os educadores, no 30 de agosto, depois o massacre do Beto Richa, no 29 de abril, agora \u00e9 pior! Agora n\u00e3o \u00e9 s\u00f3 pisotear e jogar bomba, \u00e9 a morte!\u201d, afirmou hoje (29) o deputado Professor Lemos (PT), em discurso na Assembleia Legislativa (Alep), denunciado o descaso do governo Ratinho Jr. com os educadores do Paran\u00e1 diante da pandemia do coronav\u00edrus.<\/p>\n\n\n\n<p>Lemos ressaltou que o Paran\u00e1 tem, atualmente, o maior \u00edndice de contamina\u00e7\u00e3o do Brasil, est\u00e1 com a vacina\u00e7\u00e3o da popula\u00e7\u00e3o atrasada, e mesmo assim o governo insiste em abrir escolas, medida que est\u00e1 causando a contamina\u00e7\u00e3o e levando a morte de muitos educadores.<\/p>\n\n\n\n<p>\u201cEstamos perdendo muitos professores e funcion\u00e1rios, que est\u00e3o indo para o cemit\u00e9rio, por conta desta pol\u00edtica que est\u00e1 sendo feito no Paran\u00e1 na educa\u00e7\u00e3o. Hoje, professores, funcion\u00e1rios de escolas e estudantes est\u00e3o em movimento, denunciando que a retomada das aulas e atividades presenciais nas escolas tem levado \u00e0 morte muitos professores e muitos funcion\u00e1rios de escolas. O Paran\u00e1 \u00e9 o Estado com maior n\u00famero de mortes de educadores do Brasil!\u201d<\/p>\n\n\n\n<p>Lemos exigiu do governo uma atitude mais firme para enfrentar a pandemia, cuidar da popula\u00e7\u00e3o, e proteger os educadores.<\/p>\n\n\n\n<p>\u201cPrecisa proteger o nosso povo. N\u00e3o podemos aceitar este n\u00famero alto de cont\u00e1gio e mortes. Tivemos, em v\u00e1rios momentos, gente morrendo por falta de leitos. N\u00e3o podemos ficar contentes com o ritmo da vacina\u00e7\u00e3o no Paran\u00e1. Est\u00e1 lenta! \u00c9 preciso cuidar da popula\u00e7\u00e3o, cuidar para que os profissionais da educa\u00e7\u00e3o n\u00e3o se contaminem, n\u00e3o contaminem os estudantes. Em defesa da vida! Que o governador repense o que est\u00e1 fazendo, porque est\u00e1 matando professores e funcion\u00e1rios de escolas. Mortes que poderiam ser evitadas\u201d.<\/p>\n\n\n\n<p>O parlamentar tamb\u00e9m cobrou do governo Ratinho Jr. a implanta\u00e7\u00e3o de um abono voltado aos professores da rede estadual com o objetivo de custear a compra de equipamentos de inform\u00e1tica e contrata\u00e7\u00e3o de servi\u00e7os de internet para as aulas online.<\/p>\n\n\n\n<p>\u201cO estado do Esp\u00edrito Santo fez um abono de R$ 5 mil, em maio, para professores, para comprar equipamentos ou para pagar custos com internet, para trabalharem \u00e0 dist\u00e2ncia na pandemia. E pagar\u00e1 36 parcelas de R$ 70 reais para ajudar os professores para comprar equipamentos e pagar internet. O Esp\u00edrito Santo \u00e9 um estado pequeno, com economia menor que o Paran\u00e1. O Mato Grosso fez um abono de R$ 6.020. A Para\u00edba, de R$ 3 mil. S\u00e3o Paulo, R$ 2 mil. O Paran\u00e1 nenhum centavo! E os professores e funcion\u00e1rios precisam comprar equipamentos, pagar manuten\u00e7\u00e3o, pagar internet, e tiveram o que? O sal\u00e1rio diminu\u00eddo com a reforma na previd\u00eancia e n\u00e3o t\u00eam a reposi\u00e7\u00e3o salarial da infla\u00e7\u00e3o. O Estado n\u00e3o paga nem o piso m\u00ednimo, estabelecido em lei federal, aos professores. Os professores e funcion\u00e1rios de escolas est\u00e3o sendo tratados de forma muito desrespeitosa!\u201d.<\/p>\n","protected":false},"excerpt":{"rendered":"<p>\u201cSe tivemos o ataque do \u00c1lvaro Dias contra os educadores, no 30 de agosto, depois o massacre do Beto Richa, no 29 de abril, agora \u00e9 pior! Agora n\u00e3o \u00e9 s\u00f3 pisotear e jogar bomba, \u00e9 a morte!\u201d, afirmou hoje (29) o deputado Professor Lemos (PT), em discurso na Assembleia Legislativa (Alep), denunciado o descaso [&hellip;]<\/p>\n","protected":false},"author":1,"featured_media":1028,"comment_status":"open","ping_status":"open","sticky":false,"template":"","format":"standard","meta":{"footnotes":""},"categories":[35],"tags":[],"class_list":{"0":"post-1027","1":"post","2":"type-post","3":"status-publish","4":"format-standard","5":"has-post-thumbnail","7":"category-educacao"},"_links":{"self":[{"href":"https:\/\/professorlemos.com.br\/index.php?rest_route=\/wp\/v2\/posts\/1027","targetHints":{"allow":["GET"]}}],"collection":[{"href":"https:\/\/professorlemos.com.br\/index.php?rest_route=\/wp\/v2\/posts"}],"about":[{"href":"https:\/\/professorlemos.com.br\/index.php?rest_route=\/wp\/v2\/types\/post"}],"author":[{"embeddable":true,"href":"https:\/\/professorlemos.com.br\/index.php?rest_route=\/wp\/v2\/users\/1"}],"replies":[{"embeddable":true,"href":"https:\/\/professorlemos.com.br\/index.php?rest_route=%2Fwp%2Fv2%2Fcomments&post=1027"}],"version-history":[{"count":1,"href":"https:\/\/professorlemos.com.br\/index.php?rest_route=\/wp\/v2\/posts\/1027\/revisions"}],"predecessor-version":[{"id":1029,"href":"https:\/\/professorlemos.com.br\/index.php?rest_route=\/wp\/v2\/posts\/1027\/revisions\/1029"}],"wp:featuredmedia":[{"embeddable":true,"href":"https:\/\/professorlemos.com.br\/index.php?rest_route=\/wp\/v2\/media\/1028"}],"wp:attachment":[{"href":"https:\/\/professorlemos.com.br\/index.php?rest_route=%2Fwp%2Fv2%2Fmedia&parent=1027"}],"wp:term":[{"taxonomy":"category","embeddable":true,"href":"https:\/\/professorlemos.com.br\/index.php?rest_route=%2Fwp%2Fv2%2Fcategories&post=1027"},{"taxonomy":"post_tag","embeddable":true,"href":"https:\/\/professorlemos.com.br\/index.php?rest_route=%2Fwp%2Fv2%2Ftags&post=1027"}],"curies":[{"name":"wp","href":"https:\/\/api.w.org\/{rel}","templated":true}]}}