{"id":1104,"date":"2021-09-13T17:16:56","date_gmt":"2021-09-13T20:16:56","guid":{"rendered":"http:\/\/professorlemos.com.br\/?p=1104"},"modified":"2021-09-13T17:18:23","modified_gmt":"2021-09-13T20:18:23","slug":"professor-lemos-pede-suspensao-imediata-de-processos-administrativos-contra-diretores-de-escolas-de-curitiba","status":"publish","type":"post","link":"https:\/\/professorlemos.com.br\/?p=1104","title":{"rendered":"Professor Lemos pede suspens\u00e3o imediata de processos administrativos contra diretores de escolas de Curitiba"},"content":{"rendered":"\n<p>Em discurso hoje (13) na Assembleia Legislativa (Alep), o deputado Professor Lemos (PT) defendeu a suspens\u00e3o imediata dos processos administrativos abertos pela Secretaria de Educa\u00e7\u00e3o (Seed) contra os diretores do Col\u00e9gio Estadual Jayme Canet, Col\u00e9gio Bras\u00edlio Vieira de Castro e Col\u00e9gio Estadual Gabriela Mistral, todos de Curitiba.<\/p>\n\n\n\n<p>Lemos destacou que os diretores foram suspensos por 30 dias pela Seed com a justificativa de que as escolas apresentaram baixa ades\u00e3o dos estudantes \u00e0s aulas presenciais. Segundo o deputado, contudo, os diretores n\u00e3o pode ser punidos uma vez que a decis\u00e3o de optar pelo ensino presencial ou remoto \u00e9 das fam\u00edlias dos estudantes.<\/p>\n\n\n\n<p>\u201cTemos tr\u00eas diretores de escolas de Curitiba que foram suspensos por 30 dias. Segundo a Secretaria de Educa\u00e7\u00e3o, os alunos destas escolas n\u00e3o apresentaram alta ades\u00e3o \u00e0s aulas presenciais, o que motivou estes diretores a sofrerem processo administrativo. Quero solicitar ao governo que suspenda imediatamente estes processos. Temos uma resolu\u00e7\u00e3o da Secretaria de Sa\u00fade que permite aos pais decidirem se o aluno vai ficar no ensino remoto ou na modalidade presencial. A decis\u00e3o \u00e9 facultativa das fam\u00edlias, n\u00e3o pode penalizar os diretores. Se est\u00e3o fazendo isso com estes tr\u00eas diretores, certamente a vontade da Secretaria de Educa\u00e7\u00e3o \u00e9 fazer com mais diretores do Paran\u00e1. Isso \u00e9 injusto, n\u00e3o podemos aceitar. Estes processos precisam ser arquivados!\u201d.<\/p>\n","protected":false},"excerpt":{"rendered":"<p>Em discurso hoje (13) na Assembleia Legislativa (Alep), o deputado Professor Lemos (PT) defendeu a suspens\u00e3o imediata dos processos administrativos abertos pela Secretaria de Educa\u00e7\u00e3o (Seed) contra os diretores do Col\u00e9gio Estadual Jayme Canet, Col\u00e9gio Bras\u00edlio Vieira de Castro e Col\u00e9gio Estadual Gabriela Mistral, todos de Curitiba. Lemos destacou que os diretores foram suspensos por [&hellip;]<\/p>\n","protected":false},"author":1,"featured_media":855,"comment_status":"open","ping_status":"open","sticky":false,"template":"","format":"standard","meta":{"footnotes":""},"categories":[35],"tags":[],"class_list":{"0":"post-1104","1":"post","2":"type-post","3":"status-publish","4":"format-standard","5":"has-post-thumbnail","7":"category-educacao"},"_links":{"self":[{"href":"https:\/\/professorlemos.com.br\/index.php?rest_route=\/wp\/v2\/posts\/1104","targetHints":{"allow":["GET"]}}],"collection":[{"href":"https:\/\/professorlemos.com.br\/index.php?rest_route=\/wp\/v2\/posts"}],"about":[{"href":"https:\/\/professorlemos.com.br\/index.php?rest_route=\/wp\/v2\/types\/post"}],"author":[{"embeddable":true,"href":"https:\/\/professorlemos.com.br\/index.php?rest_route=\/wp\/v2\/users\/1"}],"replies":[{"embeddable":true,"href":"https:\/\/professorlemos.com.br\/index.php?rest_route=%2Fwp%2Fv2%2Fcomments&post=1104"}],"version-history":[{"count":1,"href":"https:\/\/professorlemos.com.br\/index.php?rest_route=\/wp\/v2\/posts\/1104\/revisions"}],"predecessor-version":[{"id":1105,"href":"https:\/\/professorlemos.com.br\/index.php?rest_route=\/wp\/v2\/posts\/1104\/revisions\/1105"}],"wp:featuredmedia":[{"embeddable":true,"href":"https:\/\/professorlemos.com.br\/index.php?rest_route=\/wp\/v2\/media\/855"}],"wp:attachment":[{"href":"https:\/\/professorlemos.com.br\/index.php?rest_route=%2Fwp%2Fv2%2Fmedia&parent=1104"}],"wp:term":[{"taxonomy":"category","embeddable":true,"href":"https:\/\/professorlemos.com.br\/index.php?rest_route=%2Fwp%2Fv2%2Fcategories&post=1104"},{"taxonomy":"post_tag","embeddable":true,"href":"https:\/\/professorlemos.com.br\/index.php?rest_route=%2Fwp%2Fv2%2Ftags&post=1104"}],"curies":[{"name":"wp","href":"https:\/\/api.w.org\/{rel}","templated":true}]}}