{"id":1109,"date":"2021-09-21T14:33:08","date_gmt":"2021-09-21T17:33:08","guid":{"rendered":"http:\/\/professorlemos.com.br\/?p=1109"},"modified":"2021-09-21T14:33:10","modified_gmt":"2021-09-21T17:33:10","slug":"lemos-celebra-obra-e-legado-de-paulo-freire","status":"publish","type":"post","link":"https:\/\/professorlemos.com.br\/?p=1109","title":{"rendered":"Lemos celebra obra e legado de Paulo Freire"},"content":{"rendered":"\n<p>O deputado Professor Lemos (PT), l\u00edder da oposi\u00e7\u00e3o na Assembleia, celebrou hoje (20) a obra e o legado do educador Paulo Freire, que completaria 100 anos em 19 de setembro de 2021. Segundo Lemos, Paulo Freire, considerado o Patrono da Educa\u00e7\u00e3o Brasileira, foi um \u201ceducador extraordin\u00e1rio que revolucionou a educa\u00e7\u00e3o no Brasil e no mundo\u201d.<\/p>\n\n\n\n<p>\u201cPaulo Freire \u00e9 reconhecido em todo o planeta pelo seu trabalho relevante, pelas suas obras magn\u00edficas. Quero destacar a pedagogia do oprimido, que escreveu quando estava exilado no Chile, porque foi perseguido pelo regime militar no Brasil. Ele defendia a pedagogia da autonomia, a educa\u00e7\u00e3o como pr\u00e1tica da liberdade. Paulo Freire disse que ningu\u00e9m ignora tudo e ningu\u00e9m sabe tudo. Todos sabemos alguma coisa e todos ignoramos alguma coisa. N\u00f3s aprendemos com o outro, e ensinamos. \u00c9 uma troca. Ele defendia que \u00e9 preciso respeitar e valorizar o conhecimento que o educando tem\u201d.\u2028\u2028<\/p>\n\n\n\n<p>O deputado lembrou que o fil\u00f3sofo e educador pernambucano \u00e9 um dos intelectuais brasileiros mais citados e respeitados no exterior.\u2028\u2028<\/p>\n\n\n\n<p>\u201cEle escreveu que se a educa\u00e7\u00e3o sozinha n\u00e3o muda a sociedade, tampouco sem a educa\u00e7\u00e3o a sociedade muda. Uma sabedoria muito grande, um conhecimento que \u00e9 muito importante, que serviu de base para construir projetos pol\u00edticos pedag\u00f3gicos no Brasil e fora do Pa\u00eds. \u00c9 um dos pensadores brasileiros mais respeitados no mundo. Desenvolveu o m\u00e9todo de alfabetiza\u00e7\u00e3o de adultos, um m\u00e9todo revolucion\u00e1rio, que ainda hoje \u00e9 usado no Brasil. Infelizmente algumas pessoas rejeitam o legado de Paulo Freire, suas obras, mas ele \u00e9 muito respeitado. Um educador que fez a diferen\u00e7a, n\u00e3o passou despercebido pelo mundo\u201d.<\/p>\n\n\n\n<p>Lemos ressaltou ainda que \u00e9 preciso colocar em pr\u00e1tica os ensinamentos de Paulo Freire e valorizar a educa\u00e7\u00e3o e os educadores.<\/p>\n\n\n\n<p>\u201c\u00c9 preciso falar da import\u00e2ncia de investir na educa\u00e7\u00e3o. Por mais recursos para atender a pauta dos educadores do Paran\u00e1, melhorar a carreira, cumprir o que est\u00e1 na carreira, como progress\u00f5es, promo\u00e7\u00f5es, adicionais por tempo de servi\u00e7o; pagar o piso salarial; fazer a reposi\u00e7\u00e3o da infla\u00e7\u00e3o; convocar o PDE; acabar com esta forma de contratar funcion\u00e1rios de escolas por empresas terceirizadas, voltar a fazer concurso p\u00fablico para professores e funcion\u00e1rios. \u00c9 muito importante que, alem de falar de Paulo Freire, que a gente coloque em pr\u00e1tica o ensinamento dele. Valorizar educa\u00e7\u00e3o, os educadores. Promover a educa\u00e7\u00e3o publica de qualidade no nosso Estado\u201d.<\/p>\n","protected":false},"excerpt":{"rendered":"<p>O deputado Professor Lemos (PT), l\u00edder da oposi\u00e7\u00e3o na Assembleia, celebrou hoje (20) a obra e o legado do educador Paulo Freire, que completaria 100 anos em 19 de setembro de 2021. Segundo Lemos, Paulo Freire, considerado o Patrono da Educa\u00e7\u00e3o Brasileira, foi um \u201ceducador extraordin\u00e1rio que revolucionou a educa\u00e7\u00e3o no Brasil e no mundo\u201d. [&hellip;]<\/p>\n","protected":false},"author":1,"featured_media":1110,"comment_status":"open","ping_status":"open","sticky":false,"template":"","format":"standard","meta":{"footnotes":""},"categories":[35],"tags":[],"class_list":{"0":"post-1109","1":"post","2":"type-post","3":"status-publish","4":"format-standard","5":"has-post-thumbnail","7":"category-educacao"},"_links":{"self":[{"href":"https:\/\/professorlemos.com.br\/index.php?rest_route=\/wp\/v2\/posts\/1109","targetHints":{"allow":["GET"]}}],"collection":[{"href":"https:\/\/professorlemos.com.br\/index.php?rest_route=\/wp\/v2\/posts"}],"about":[{"href":"https:\/\/professorlemos.com.br\/index.php?rest_route=\/wp\/v2\/types\/post"}],"author":[{"embeddable":true,"href":"https:\/\/professorlemos.com.br\/index.php?rest_route=\/wp\/v2\/users\/1"}],"replies":[{"embeddable":true,"href":"https:\/\/professorlemos.com.br\/index.php?rest_route=%2Fwp%2Fv2%2Fcomments&post=1109"}],"version-history":[{"count":1,"href":"https:\/\/professorlemos.com.br\/index.php?rest_route=\/wp\/v2\/posts\/1109\/revisions"}],"predecessor-version":[{"id":1111,"href":"https:\/\/professorlemos.com.br\/index.php?rest_route=\/wp\/v2\/posts\/1109\/revisions\/1111"}],"wp:featuredmedia":[{"embeddable":true,"href":"https:\/\/professorlemos.com.br\/index.php?rest_route=\/wp\/v2\/media\/1110"}],"wp:attachment":[{"href":"https:\/\/professorlemos.com.br\/index.php?rest_route=%2Fwp%2Fv2%2Fmedia&parent=1109"}],"wp:term":[{"taxonomy":"category","embeddable":true,"href":"https:\/\/professorlemos.com.br\/index.php?rest_route=%2Fwp%2Fv2%2Fcategories&post=1109"},{"taxonomy":"post_tag","embeddable":true,"href":"https:\/\/professorlemos.com.br\/index.php?rest_route=%2Fwp%2Fv2%2Ftags&post=1109"}],"curies":[{"name":"wp","href":"https:\/\/api.w.org\/{rel}","templated":true}]}}