{"id":1116,"date":"2021-09-22T13:14:22","date_gmt":"2021-09-22T16:14:22","guid":{"rendered":"http:\/\/professorlemos.com.br\/?p=1116"},"modified":"2021-09-22T13:15:53","modified_gmt":"2021-09-22T16:15:53","slug":"lemos-destaca-decisoes-do-tj-pr-que-confirmam-reposicao-da-inflacao-a-servidores-publicos-municipais","status":"publish","type":"post","link":"https:\/\/professorlemos.com.br\/?p=1116","title":{"rendered":"Lemos destaca decis\u00f5es do TJ-PR que confirmam reposi\u00e7\u00e3o da infla\u00e7\u00e3o a servidores p\u00fablicos municipais"},"content":{"rendered":"\n<p>Em discurso hoje (22) na Assembleia Legislativa (Alep), o deputado Professor Lemos (PT) destacou as decis\u00f5es do Tribunal de Justi\u00e7a (TJ-PR), da 5a Vara da Fazenda P\u00fablica de Curitiba e da 2a Vara da Fazenda P\u00fablica de Maring\u00e1, que determinaram a manuten\u00e7\u00e3o dos pagamentos da reposi\u00e7\u00e3o da infla\u00e7\u00e3o aos servidores p\u00fablicos municipais das duas cidades.<\/p>\n\n\n\n<p>Lemos contou que recentemente o Tribunal de Contas (TCE-PR) encaminhou uma orienta\u00e7\u00e3o \u00e0s prefeituras, com base em uma decis\u00e3o monocr\u00e1tica do ministro Alexandre de Moraes, do Supremo Tribunal Federal (STF), apontando que a reposi\u00e7\u00e3o inflacion\u00e1ria dos servidores municipais fere a Lei Complementar 173\/20, a lei da pandemia.<\/p>\n\n\n\n<p>Contudo, no entendimento da Justi\u00e7a do Paran\u00e1, a LC 173\/20 n\u00e3o tem base jur\u00eddica para suspender a reposi\u00e7\u00e3o inflacion\u00e1ria, uma vez que n\u00e3o se configura em aumento remunerat\u00f3rio, e sim apenas resgata o poder aquisitivo suprimido pelo aumento do custo de vida.<\/p>\n\n\n\n<p>\u201cA Justi\u00e7a est\u00e1 dando raz\u00e3o aos servidores. A LC 173\/20 n\u00e3o tem poderes para modificar a Constitui\u00e7\u00e3o Federal, que determina que todo ano, na data base, se recomponha o sal\u00e1rio dos servidores p\u00fablicos com a infla\u00e7\u00e3o. Foi assim que decidiu o juiz da 2a Vara da Fazenda P\u00fablica de Maring\u00e1, que manteve a reposi\u00e7\u00e3o salarial dos servidores municipais. E no dia 20 de setembro a 5a Vara da Fazenda P\u00fablica de Curitiba tamb\u00e9m decidiu que n\u00e3o pode haver redu\u00e7\u00e3o do sal\u00e1rio dos servidores, a Constitui\u00e7\u00e3o n\u00e3o permite. A lei complementar n\u00e3o tem o poder jur\u00eddico de impedir a reposi\u00e7\u00e3o dos sal\u00e1rios do funcionalismo municipal\u201d, decretou Lemos.<\/p>\n\n\n\n<p>O parlamentar destacou ainda que as Prefeituras devem manter o pagamento da reposi\u00e7\u00e3o inflacionaria dos servidores municipais.<\/p>\n\n\n\n<p>\u201cAs prefeituras n\u00e3o podem aplicar a LC 173\/2020, devem manter a reposi\u00e7\u00e3o salarial e os outros benef\u00edcios, porque est\u00e1 previsto na legisla\u00e7\u00e3o. A LC 173 n\u00e3o tem o poder de desautorizar a Constitui\u00e7\u00e3o Federal. Al\u00e9m disso, os trabalhadores est\u00e3o sendo empobrecidos pelo Estado, pela condu\u00e7\u00e3o da economia do governo federal\u201d.<\/p>\n","protected":false},"excerpt":{"rendered":"<p>Em discurso hoje (22) na Assembleia Legislativa (Alep), o deputado Professor Lemos (PT) destacou as decis\u00f5es do Tribunal de Justi\u00e7a (TJ-PR), da 5a Vara da Fazenda P\u00fablica de Curitiba e da 2a Vara da Fazenda P\u00fablica de Maring\u00e1, que determinaram a manuten\u00e7\u00e3o dos pagamentos da reposi\u00e7\u00e3o da infla\u00e7\u00e3o aos servidores p\u00fablicos municipais das duas cidades. [&hellip;]<\/p>\n","protected":false},"author":1,"featured_media":1117,"comment_status":"open","ping_status":"open","sticky":false,"template":"","format":"standard","meta":{"footnotes":""},"categories":[34,1],"tags":[],"class_list":{"0":"post-1116","1":"post","2":"type-post","3":"status-publish","4":"format-standard","5":"has-post-thumbnail","7":"category-parana","8":"category-sem-categoria"},"_links":{"self":[{"href":"https:\/\/professorlemos.com.br\/index.php?rest_route=\/wp\/v2\/posts\/1116","targetHints":{"allow":["GET"]}}],"collection":[{"href":"https:\/\/professorlemos.com.br\/index.php?rest_route=\/wp\/v2\/posts"}],"about":[{"href":"https:\/\/professorlemos.com.br\/index.php?rest_route=\/wp\/v2\/types\/post"}],"author":[{"embeddable":true,"href":"https:\/\/professorlemos.com.br\/index.php?rest_route=\/wp\/v2\/users\/1"}],"replies":[{"embeddable":true,"href":"https:\/\/professorlemos.com.br\/index.php?rest_route=%2Fwp%2Fv2%2Fcomments&post=1116"}],"version-history":[{"count":1,"href":"https:\/\/professorlemos.com.br\/index.php?rest_route=\/wp\/v2\/posts\/1116\/revisions"}],"predecessor-version":[{"id":1118,"href":"https:\/\/professorlemos.com.br\/index.php?rest_route=\/wp\/v2\/posts\/1116\/revisions\/1118"}],"wp:featuredmedia":[{"embeddable":true,"href":"https:\/\/professorlemos.com.br\/index.php?rest_route=\/wp\/v2\/media\/1117"}],"wp:attachment":[{"href":"https:\/\/professorlemos.com.br\/index.php?rest_route=%2Fwp%2Fv2%2Fmedia&parent=1116"}],"wp:term":[{"taxonomy":"category","embeddable":true,"href":"https:\/\/professorlemos.com.br\/index.php?rest_route=%2Fwp%2Fv2%2Fcategories&post=1116"},{"taxonomy":"post_tag","embeddable":true,"href":"https:\/\/professorlemos.com.br\/index.php?rest_route=%2Fwp%2Fv2%2Ftags&post=1116"}],"curies":[{"name":"wp","href":"https:\/\/api.w.org\/{rel}","templated":true}]}}