{"id":1132,"date":"2021-10-05T10:10:24","date_gmt":"2021-10-05T13:10:24","guid":{"rendered":"http:\/\/professorlemos.com.br\/?p=1132"},"modified":"2021-10-05T10:10:27","modified_gmt":"2021-10-05T13:10:27","slug":"professor-lemos-nao-da-mais-ataques-contra-educacao-precisam-acabar","status":"publish","type":"post","link":"https:\/\/professorlemos.com.br\/?p=1132","title":{"rendered":"Professor Lemos: \u201cN\u00e3o d\u00e1 mais! Ataques contra educa\u00e7\u00e3o precisam acabar!\u201d"},"content":{"rendered":"\n<p>O deputado Professor Lemos (PT) criticou hoje (4) a gest\u00e3o do secret\u00e1rio da Educa\u00e7\u00e3o, Renato Feder, \u00e0 frente da pasta. Segundo Lemos, h\u00e1 uma inger\u00eancia indevida por parte da Seed nas escolas e um ataque brutal contra a comunidade escolar. Ele ressaltou que a gest\u00e3o Feder est\u00e1 causando preju\u00edzos incalcul\u00e1veis ao ensino de crian\u00e7as e adolescentes paranaenses e levando a comunidade escolar ao adoecimento.<\/p>\n\n\n\n<p>\u201cH\u00e1 uma inger\u00eancia por parte da Secretaria de Educa\u00e7\u00e3o nas escolas, um ataque brutal \u00e0 comunidade escolar. Professores, funcion\u00e1rios, equipe pedag\u00f3gica, o povo est\u00e1 adoecendo f\u00edsica e psicologicamente. A gente recebe reclama\u00e7\u00f5es a todo momento, de diferentes escolas, de diferentes regi\u00f5es do Estado. O secret\u00e1rio da Educa\u00e7\u00e3o transformou a vida de professores e funcion\u00e1rios de escolas em um verdadeiro inferno. A gest\u00e3o da escola n\u00e3o pode ser feita deste modo. A gest\u00e3o precisa ser democr\u00e1tica, com respeito aos professores e diretores de escola\u201d.<\/p>\n\n\n\n<p>O deputado criticou a determina\u00e7\u00e3o para o fechamento dos cursos t\u00e9cnicos em Seguran\u00e7a do Trabalho e Qu\u00edmica do Centro Estadual de Educa\u00e7\u00e3o Profissional (CEEP) de Arapoti. Na semana passada, Lemos j\u00e1 havia alertado sobre o fechamento do curso t\u00e9cnico em Meio Ambiente do Col\u00e9gio Estadual de Educa\u00e7\u00e3o Profissional (CEEP) Newton Freire Maia, de Pinhais. \u201cEm of\u00edcio encaminhado ao CEEP de Arapoti no dia 8 de setembro, foi determinado o fechamento de dois cursos, de T\u00e9cnico em Seguran\u00e7a do Trabalho e T\u00e9cnico em Qu\u00edmica. O col\u00e9gio atende dez munic\u00edpios daquela microrregi\u00e3o, tem demanda, tem estudantes na fila, e o secret\u00e1rio da Educa\u00e7\u00e3o est\u00e1 determinando o fechamento de cursos. Os cursos t\u00eam emprego garantido na pr\u00f3pria regi\u00e3o, mas tamb\u00e9m fora\u201d<\/p>\n\n\n\n<p>Ele questionou os motivos que levam o secret\u00e1rio da Educa\u00e7\u00e3o a atacar sistematicamente os cursos t\u00e9cnicos integrados e destacou que a inger\u00eancia e o desrespeito precisam acabar. \u201cPor que o governo ataca os cursos profissionalizantes integrados? Esta inger\u00eancia, este desrespeito, precisa acabar. N\u00e3o d\u00e1 mais! Fica nossa solicita\u00e7\u00e3o urgente pela manuten\u00e7\u00e3o dos cursos do CEEP de Arapoti. A escola, inclusive, precisa ser ampliada!\u201d.<\/p>\n","protected":false},"excerpt":{"rendered":"<p>O deputado Professor Lemos (PT) criticou hoje (4) a gest\u00e3o do secret\u00e1rio da Educa\u00e7\u00e3o, Renato Feder, \u00e0 frente da pasta. Segundo Lemos, h\u00e1 uma inger\u00eancia indevida por parte da Seed nas escolas e um ataque brutal contra a comunidade escolar. Ele ressaltou que a gest\u00e3o Feder est\u00e1 causando preju\u00edzos incalcul\u00e1veis ao ensino de crian\u00e7as e [&hellip;]<\/p>\n","protected":false},"author":1,"featured_media":1133,"comment_status":"open","ping_status":"open","sticky":false,"template":"","format":"standard","meta":{"footnotes":""},"categories":[35],"tags":[],"class_list":{"0":"post-1132","1":"post","2":"type-post","3":"status-publish","4":"format-standard","5":"has-post-thumbnail","7":"category-educacao"},"_links":{"self":[{"href":"https:\/\/professorlemos.com.br\/index.php?rest_route=\/wp\/v2\/posts\/1132","targetHints":{"allow":["GET"]}}],"collection":[{"href":"https:\/\/professorlemos.com.br\/index.php?rest_route=\/wp\/v2\/posts"}],"about":[{"href":"https:\/\/professorlemos.com.br\/index.php?rest_route=\/wp\/v2\/types\/post"}],"author":[{"embeddable":true,"href":"https:\/\/professorlemos.com.br\/index.php?rest_route=\/wp\/v2\/users\/1"}],"replies":[{"embeddable":true,"href":"https:\/\/professorlemos.com.br\/index.php?rest_route=%2Fwp%2Fv2%2Fcomments&post=1132"}],"version-history":[{"count":1,"href":"https:\/\/professorlemos.com.br\/index.php?rest_route=\/wp\/v2\/posts\/1132\/revisions"}],"predecessor-version":[{"id":1134,"href":"https:\/\/professorlemos.com.br\/index.php?rest_route=\/wp\/v2\/posts\/1132\/revisions\/1134"}],"wp:featuredmedia":[{"embeddable":true,"href":"https:\/\/professorlemos.com.br\/index.php?rest_route=\/wp\/v2\/media\/1133"}],"wp:attachment":[{"href":"https:\/\/professorlemos.com.br\/index.php?rest_route=%2Fwp%2Fv2%2Fmedia&parent=1132"}],"wp:term":[{"taxonomy":"category","embeddable":true,"href":"https:\/\/professorlemos.com.br\/index.php?rest_route=%2Fwp%2Fv2%2Fcategories&post=1132"},{"taxonomy":"post_tag","embeddable":true,"href":"https:\/\/professorlemos.com.br\/index.php?rest_route=%2Fwp%2Fv2%2Ftags&post=1132"}],"curies":[{"name":"wp","href":"https:\/\/api.w.org\/{rel}","templated":true}]}}