{"id":1137,"date":"2021-10-13T13:52:40","date_gmt":"2021-10-13T16:52:40","guid":{"rendered":"http:\/\/professorlemos.com.br\/?p=1137"},"modified":"2021-10-13T13:52:58","modified_gmt":"2021-10-13T16:52:58","slug":"governador-precisa-impedir-fechamento-de-cursos-tecnicos-nas-escolas-do-pr-diz-lemos","status":"publish","type":"post","link":"https:\/\/professorlemos.com.br\/?p=1137","title":{"rendered":"Governador precisa impedir fechamento de cursos t\u00e9cnicos nas escolas do PR, diz Lemos"},"content":{"rendered":"\n<p>O deputado Professor Lemos (PT) cobrou nesta quarta-feira (13) que o governador Ratinho Jr. entre em a\u00e7\u00e3o e atue para impedir o fechamento de cursos t\u00e9cnicos em diversas escolas do Paran\u00e1, medida que est\u00e1 sendo adotada pelo Secret\u00e1rio da Educa\u00e7\u00e3o, Renato Feder.<\/p>\n\n\n\n<p>\u201cTemos in\u00fameros col\u00e9gios no Paran\u00e1 que os diretores receberam of\u00edcio do secret\u00e1rio da Educa\u00e7\u00e3o determinando o fechamento de cursos t\u00e9cnicos profissionalizantes. \u00c9 um absurdo, um erro! Por que o secret\u00e1rio quer fechar os cursos t\u00e9cnicos? Os cursos funcionam bem, t\u00eam demanda, t\u00eam equipe, os jovens egressos t\u00eam trabalho garantido, \u00e9 s\u00f3 dar continuidade. \u00c9 preciso que o governador atue para impedir que o fechamento destes cursos. \u00c9 uma indigna\u00e7\u00e3o de v\u00e1rias comunidades escolares do Paran\u00e1\u201d<\/p>\n\n\n\n<p>O deputado ressaltou que esteve na semana passada no Centro Estadual de Educa\u00e7\u00e3o Profissional (CEEP) de Arapoti, que oferece os cursos t\u00e9cnicos em Seguran\u00e7a do Trabalho e Qu\u00edmica, e que ser\u00e3o fechados por determina\u00e7\u00e3o da Seed.<\/p>\n\n\n\n<p>\u201cNa semana passada visitei o CEEP de Arapoti. \u00c9 um col\u00e9gio muito importante, que atende jovens estudantes de 11 munic\u00edpios daquela microrregi\u00e3o. Estes estudantes t\u00eam a oportunidade de fazer o curso t\u00e9cnico em Qu\u00edmica, por exemplo. \u00c9 um curso muito importante, que tem empregabilidade naquela microrregi\u00e3o e fora tamb\u00e9m. Al\u00e9m disso, o CEEP oferece o curso de T\u00e9cnico de Seguran\u00e7a do Trabalho, que tamb\u00e9m tem demanda, tem empregos. \u00c9 muito importante que o governo fa\u00e7a a manuten\u00e7\u00e3o destes cursos!\u201d, cobrou.<\/p>\n\n\n\n<p>Al\u00e9m do fechamento dos cursos profissionalizantes do CEEP de Arapoti, a Seed j\u00e1 determinou tamb\u00e9m o fechamento do curso t\u00e9cnico em Meio Ambiente do Col\u00e9gio Estadual de Educa\u00e7\u00e3o Profissional Newton Freire Maria, de Pinhais.<\/p>\n","protected":false},"excerpt":{"rendered":"<p>O deputado Professor Lemos (PT) cobrou nesta quarta-feira (13) que o governador Ratinho Jr. entre em a\u00e7\u00e3o e atue para impedir o fechamento de cursos t\u00e9cnicos em diversas escolas do Paran\u00e1, medida que est\u00e1 sendo adotada pelo Secret\u00e1rio da Educa\u00e7\u00e3o, Renato Feder. \u201cTemos in\u00fameros col\u00e9gios no Paran\u00e1 que os diretores receberam of\u00edcio do secret\u00e1rio da [&hellip;]<\/p>\n","protected":false},"author":1,"featured_media":1123,"comment_status":"open","ping_status":"open","sticky":false,"template":"","format":"standard","meta":{"footnotes":""},"categories":[35],"tags":[],"class_list":{"0":"post-1137","1":"post","2":"type-post","3":"status-publish","4":"format-standard","5":"has-post-thumbnail","7":"category-educacao"},"_links":{"self":[{"href":"https:\/\/professorlemos.com.br\/index.php?rest_route=\/wp\/v2\/posts\/1137","targetHints":{"allow":["GET"]}}],"collection":[{"href":"https:\/\/professorlemos.com.br\/index.php?rest_route=\/wp\/v2\/posts"}],"about":[{"href":"https:\/\/professorlemos.com.br\/index.php?rest_route=\/wp\/v2\/types\/post"}],"author":[{"embeddable":true,"href":"https:\/\/professorlemos.com.br\/index.php?rest_route=\/wp\/v2\/users\/1"}],"replies":[{"embeddable":true,"href":"https:\/\/professorlemos.com.br\/index.php?rest_route=%2Fwp%2Fv2%2Fcomments&post=1137"}],"version-history":[{"count":1,"href":"https:\/\/professorlemos.com.br\/index.php?rest_route=\/wp\/v2\/posts\/1137\/revisions"}],"predecessor-version":[{"id":1138,"href":"https:\/\/professorlemos.com.br\/index.php?rest_route=\/wp\/v2\/posts\/1137\/revisions\/1138"}],"wp:featuredmedia":[{"embeddable":true,"href":"https:\/\/professorlemos.com.br\/index.php?rest_route=\/wp\/v2\/media\/1123"}],"wp:attachment":[{"href":"https:\/\/professorlemos.com.br\/index.php?rest_route=%2Fwp%2Fv2%2Fmedia&parent=1137"}],"wp:term":[{"taxonomy":"category","embeddable":true,"href":"https:\/\/professorlemos.com.br\/index.php?rest_route=%2Fwp%2Fv2%2Fcategories&post=1137"},{"taxonomy":"post_tag","embeddable":true,"href":"https:\/\/professorlemos.com.br\/index.php?rest_route=%2Fwp%2Fv2%2Ftags&post=1137"}],"curies":[{"name":"wp","href":"https:\/\/api.w.org\/{rel}","templated":true}]}}