{"id":1140,"date":"2021-10-19T08:56:10","date_gmt":"2021-10-19T11:56:10","guid":{"rendered":"http:\/\/professorlemos.com.br\/?p=1140"},"modified":"2021-10-19T08:56:12","modified_gmt":"2021-10-19T11:56:12","slug":"lemos-pede-punicao-a-deputado-que-xingou-e-ofendeu-papa-francisco-e-liderancas-catolicas","status":"publish","type":"post","link":"https:\/\/professorlemos.com.br\/?p=1140","title":{"rendered":"Lemos pede puni\u00e7\u00e3o a deputado que xingou e ofendeu Papa Francisco e lideran\u00e7as cat\u00f3licas"},"content":{"rendered":"\n<p>O deputado Professor Lemos (PT) manifestou rep\u00fadio contra os xingamentos e ofensas do deputado estadual de S\u00e3o Paulo, Frederico D\u2019Avila (PSL), ao Papa Francisco e outras lideran\u00e7as da Igreja Cat\u00f3lica, ocorridos na \u00faltima quinta-feira. Em pronunciamento hoje (18) na Assembleia Legislativa do Paran\u00e1 (Alep), Lemos disse que o discurso de \u00f3dio do parlamentar paulista contra religiosos cat\u00f3licos \u00e9 criminoso e n\u00e3o pode ficar impune.<\/p>\n\n\n\n<p>\u201cQuero demonstrar nosso descontentamento, nossa revolta, com a fala do deputado de S\u00e3o Paulo. N\u00e3o foi apenas uma fala infeliz, ele cometeu um crime. Precisamos repudiar uma fala criminosa contra a Confedera\u00e7\u00e3o Nacional dos Bispos do Brasil (CNBB), que faz um trabalho relevante no nosso pa\u00eds, contra o Papa Francisco, que tem feito um trabalho muito bonito no mundo todo em defesa da vida. A fala \u00e9 criminosa contra o arcebispo de Aparecida do Norte, Dom Orlando Brandes, e tamb\u00e9m contra v\u00e1rios religiosos, padres, bispos, di\u00e1conos, proferindo palavr\u00f5es, xingamentos e ofensas\u201d.<\/p>\n\n\n\n<p>Lemos destacou que ir\u00e1 apresentar amanh\u00e3 um requerimento de envio de expediente ao presidente do Poder Legislativo de S\u00e3o Paulo, Carl\u00e3o Pignatari (PSDB), solicitando puni\u00e7\u00e3o ao deputado do PSL.<\/p>\n\n\n\n<p>\u201cVamos apresentar amanh\u00e3 um documento, e j\u00e1 pe\u00e7o apoio de todos os deputados e deputadas, que ser\u00e1 encaminhado ao presidente da Assembleia Legislativa de S\u00e3o Paulo solicitando provid\u00eancias urgentes. Que isso n\u00e3o se repita. N\u00e3o pode haver ataques como este contra nenhuma lideran\u00e7a religiosa, de nenhuma igreja. \u00c9 um desrespeito, \u00e9 um crime. Fica nosso rep\u00fadio e nosso pedido de provid\u00eancias urgentes\u201d.<\/p>\n","protected":false},"excerpt":{"rendered":"<p>O deputado Professor Lemos (PT) manifestou rep\u00fadio contra os xingamentos e ofensas do deputado estadual de S\u00e3o Paulo, Frederico D\u2019Avila (PSL), ao Papa Francisco e outras lideran\u00e7as da Igreja Cat\u00f3lica, ocorridos na \u00faltima quinta-feira. Em pronunciamento hoje (18) na Assembleia Legislativa do Paran\u00e1 (Alep), Lemos disse que o discurso de \u00f3dio do parlamentar paulista contra [&hellip;]<\/p>\n","protected":false},"author":1,"featured_media":1141,"comment_status":"open","ping_status":"open","sticky":false,"template":"","format":"standard","meta":{"footnotes":""},"categories":[39],"tags":[],"class_list":{"0":"post-1140","1":"post","2":"type-post","3":"status-publish","4":"format-standard","5":"has-post-thumbnail","7":"category-direitos-humanos"},"_links":{"self":[{"href":"https:\/\/professorlemos.com.br\/index.php?rest_route=\/wp\/v2\/posts\/1140","targetHints":{"allow":["GET"]}}],"collection":[{"href":"https:\/\/professorlemos.com.br\/index.php?rest_route=\/wp\/v2\/posts"}],"about":[{"href":"https:\/\/professorlemos.com.br\/index.php?rest_route=\/wp\/v2\/types\/post"}],"author":[{"embeddable":true,"href":"https:\/\/professorlemos.com.br\/index.php?rest_route=\/wp\/v2\/users\/1"}],"replies":[{"embeddable":true,"href":"https:\/\/professorlemos.com.br\/index.php?rest_route=%2Fwp%2Fv2%2Fcomments&post=1140"}],"version-history":[{"count":1,"href":"https:\/\/professorlemos.com.br\/index.php?rest_route=\/wp\/v2\/posts\/1140\/revisions"}],"predecessor-version":[{"id":1142,"href":"https:\/\/professorlemos.com.br\/index.php?rest_route=\/wp\/v2\/posts\/1140\/revisions\/1142"}],"wp:featuredmedia":[{"embeddable":true,"href":"https:\/\/professorlemos.com.br\/index.php?rest_route=\/wp\/v2\/media\/1141"}],"wp:attachment":[{"href":"https:\/\/professorlemos.com.br\/index.php?rest_route=%2Fwp%2Fv2%2Fmedia&parent=1140"}],"wp:term":[{"taxonomy":"category","embeddable":true,"href":"https:\/\/professorlemos.com.br\/index.php?rest_route=%2Fwp%2Fv2%2Fcategories&post=1140"},{"taxonomy":"post_tag","embeddable":true,"href":"https:\/\/professorlemos.com.br\/index.php?rest_route=%2Fwp%2Fv2%2Ftags&post=1140"}],"curies":[{"name":"wp","href":"https:\/\/api.w.org\/{rel}","templated":true}]}}