{"id":1147,"date":"2021-10-26T19:29:21","date_gmt":"2021-10-26T22:29:21","guid":{"rendered":"http:\/\/professorlemos.com.br\/?p=1147"},"modified":"2021-10-26T19:29:23","modified_gmt":"2021-10-26T22:29:23","slug":"lemos-destaca-producao-de-alimentos-agroecologicos-nos-assentamentos-e-acampamentos-do-parana","status":"publish","type":"post","link":"https:\/\/professorlemos.com.br\/?p=1147","title":{"rendered":"Lemos destaca produ\u00e7\u00e3o de alimentos agroecol\u00f3gicos nos assentamentos e acampamentos do Paran\u00e1"},"content":{"rendered":"\n<p>O deputado Professor Lemos (PT) destacou hoje (25) a import\u00e2ncia da produ\u00e7\u00e3o agroecol\u00f3gica nos assentamentos e acampamentos do Paran\u00e1. Em discurso na Assembleia Legislativa (Alep), o parlamentar defendeu mais celeridade do poder p\u00fablico para transformar os acampamentos em assentamentos e pediu mais infraestrutura para que os assentamentos tenham condi\u00e7\u00f5es de produzir cada vez mais e melhor.<\/p>\n\n\n\n<p>Lemos contou que esteve, na \u00faltima semana, em Quinta do Sol na inaugura\u00e7\u00e3o do Centro Ecol\u00f3gico Pinheiro Machado.<\/p>\n\n\n\n<p>\u201cEstive em Quinta do Sol na inaugura\u00e7\u00e3o do centro agroecol\u00f3gico organizado pelas fam\u00edlias que est\u00e3o acampadas h\u00e1 seis anos no munic\u00edpio. Foi inaugurado o Centro Pinheiro Machado, um professor que fez um trabalho muito bonito ao longo da vida defendendo a produ\u00e7\u00e3o agroecol\u00f3gica no Brasil, e tamb\u00e9m foi inaugurada a Capela Santa Catarina de Alexandria. O centro agroecol\u00f3gico de Quinta do Sol est\u00e1 produzindo alimentos saud\u00e1veis, alimentos limpos, sem veneno, sem transgenia, que \u00e9 importante para nossa alimenta\u00e7\u00e3o e para a economia\u201d.<\/p>\n\n\n\n<p>O deputado destacou que o poder p\u00fablico precisa atuar de forma mais firme para acelerar os processos de transforma\u00e7\u00e3o dos acampamentos e assentamentos e ressaltou que \u201c\u00e9 importante assegurar que mais fam\u00edlias agricultoras possam ter melhores condi\u00e7\u00f5es para produzir\u201d.<\/p>\n\n\n\n<p>\u201cExistem 70 acampamentos no Paran\u00e1 aguardando a transforma\u00e7\u00e3o em assentamentos. O Incra paralisou os processos nos \u00faltimos anos e mesmo onde as terras est\u00e3o sob o dom\u00ednio da Uni\u00e3o os processos n\u00e3o evoluem. \u00c9 importante consolidar os assentamentos que j\u00e1 existem e que precisam de infraestrutura, como estradas, escolas, unidades de sa\u00fade, condi\u00e7\u00f5es para que possam produzir mais e melhor. E tamb\u00e9m do investimento na agroind\u00fastria, para transformar os produtos agroecol\u00f3gicos em produtos processados, gerando emprego e renda na reforma agraria\u201d.<\/p>\n\n\n\n<p>O deputado disse ainda que os agricultores e agricultoras familiares tamb\u00e9m precisam de mais aten\u00e7\u00e3o e investimentos do Estado.<\/p>\n\n\n\n<p>\u201c\u00c9 importante falar dos agricultores e agricultoras familiares, que precisam de aten\u00e7\u00e3o, de investimento. Muitos est\u00e3o preocupados, inclusive, com a crise h\u00eddrica. Isto tem que ser uma preocupa\u00e7\u00e3o do poder p\u00fablico, para que possamos ter \u00e1gua para produzir. Estamos protocolando um projeto para tratar da produ\u00e7\u00e3o de agua no Paran\u00e1. Tamb\u00e9m apresentamos um projeto que trata da produ\u00e7\u00e3o agroecol\u00f3gica, da produ\u00e7\u00e3o org\u00e2nica, no Paran\u00e1. \u00c9 importante para assentamentos, acampamentos, para a agricultura familiar. S\u00e3o produtos que agregam mais valor, \u00e9 bom para a economia e \u00e9 bom para a sa\u00fade da popula\u00e7\u00e3o. Fica o apelo para que possamos trazer ao plen\u00e1rio o projeto de lei que institui a pol\u00edtica estadual da agroecologia e da produ\u00e7\u00e3o org\u00e2nica\u201d.<\/p>\n\n\n\n<p><\/p>\n","protected":false},"excerpt":{"rendered":"<p>O deputado Professor Lemos (PT) destacou hoje (25) a import\u00e2ncia da produ\u00e7\u00e3o agroecol\u00f3gica nos assentamentos e acampamentos do Paran\u00e1. Em discurso na Assembleia Legislativa (Alep), o parlamentar defendeu mais celeridade do poder p\u00fablico para transformar os acampamentos em assentamentos e pediu mais infraestrutura para que os assentamentos tenham condi\u00e7\u00f5es de produzir cada vez mais e [&hellip;]<\/p>\n","protected":false},"author":1,"featured_media":1148,"comment_status":"open","ping_status":"open","sticky":false,"template":"","format":"standard","meta":{"footnotes":""},"categories":[37],"tags":[],"class_list":{"0":"post-1147","1":"post","2":"type-post","3":"status-publish","4":"format-standard","5":"has-post-thumbnail","7":"category-agricultura"},"_links":{"self":[{"href":"https:\/\/professorlemos.com.br\/index.php?rest_route=\/wp\/v2\/posts\/1147","targetHints":{"allow":["GET"]}}],"collection":[{"href":"https:\/\/professorlemos.com.br\/index.php?rest_route=\/wp\/v2\/posts"}],"about":[{"href":"https:\/\/professorlemos.com.br\/index.php?rest_route=\/wp\/v2\/types\/post"}],"author":[{"embeddable":true,"href":"https:\/\/professorlemos.com.br\/index.php?rest_route=\/wp\/v2\/users\/1"}],"replies":[{"embeddable":true,"href":"https:\/\/professorlemos.com.br\/index.php?rest_route=%2Fwp%2Fv2%2Fcomments&post=1147"}],"version-history":[{"count":1,"href":"https:\/\/professorlemos.com.br\/index.php?rest_route=\/wp\/v2\/posts\/1147\/revisions"}],"predecessor-version":[{"id":1149,"href":"https:\/\/professorlemos.com.br\/index.php?rest_route=\/wp\/v2\/posts\/1147\/revisions\/1149"}],"wp:featuredmedia":[{"embeddable":true,"href":"https:\/\/professorlemos.com.br\/index.php?rest_route=\/wp\/v2\/media\/1148"}],"wp:attachment":[{"href":"https:\/\/professorlemos.com.br\/index.php?rest_route=%2Fwp%2Fv2%2Fmedia&parent=1147"}],"wp:term":[{"taxonomy":"category","embeddable":true,"href":"https:\/\/professorlemos.com.br\/index.php?rest_route=%2Fwp%2Fv2%2Fcategories&post=1147"},{"taxonomy":"post_tag","embeddable":true,"href":"https:\/\/professorlemos.com.br\/index.php?rest_route=%2Fwp%2Fv2%2Ftags&post=1147"}],"curies":[{"name":"wp","href":"https:\/\/api.w.org\/{rel}","templated":true}]}}