{"id":1189,"date":"2022-05-12T08:53:48","date_gmt":"2022-05-12T11:53:48","guid":{"rendered":"http:\/\/professorlemos.com.br\/?p=1189"},"modified":"2022-05-17T16:17:54","modified_gmt":"2022-05-17T19:17:54","slug":"aprovado-projeto-que-cria-o-selo-estadual-empresa-pela-mulher","status":"publish","type":"post","link":"https:\/\/professorlemos.com.br\/?p=1189","title":{"rendered":"Aprovado projeto que cria o Selo Estadual Empresa Pela Mulher"},"content":{"rendered":"\n<p>Estimular boas pr\u00e1ticas empresariais para coibir e prevenir a viol\u00eancia dom\u00e9stica e familiar contra a mulher, bem como fomentar lideran\u00e7a corporativa de alto n\u00edvel para a igualdade de g\u00eanero. Este \u00e9 o objetivo do projeto de lei 93\/2021, que cria o \u201cSelo Estadual Empresa Pela Mulher\u201d e que foi aprovado em primeiro turno de vota\u00e7\u00e3o na sess\u00e3o plen\u00e1ria desta ter\u00e7a-feira (10), na Assembleia Legislativa do Paran\u00e1.<\/p>\n\n\n\n<p>A mat\u00e9ria determina que ter\u00e3o direito ao selo as empresas que implementem programas de acolhimento e prote\u00e7\u00e3o \u00e0s mulheres em situa\u00e7\u00e3o de viol\u00eancia dom\u00e9stica e familiar; incluam em quadro de empregadas mulheres em situa\u00e7\u00e3o de viol\u00eancia dom\u00e9stica e familiar; promovam a\u00e7\u00f5es educativas de preven\u00e7\u00e3o da viol\u00eancia dom\u00e9stica e familiar contra a mulher, voltadas aos seus empregados e \u00e0 sociedade em geral; e estimulem e pratiquem a contrata\u00e7\u00e3o de mulheres para cargos de dire\u00e7\u00e3o e chefia, especialmente de mulheres negras, sem distin\u00e7\u00e3o de remunera\u00e7\u00e3o; entre outros quesitos.<\/p>\n\n\n\n<p>&#8220;Mais uma importante lei que objetiva o fim do machismo e de todo o tipo de viol\u00eancia contra a mulher&#8221;, comentou Lemos, proponente do projeto.<\/p>\n\n\n\n<p>De acordo com o texto, o selo se aplicar\u00e1 a empresas privadas com faturamento anual bruto superior a R$ 360.000,00, considerando-se matriz e filiais, caso haja, e que tenham sede, filial ou representa\u00e7\u00e3o no territ\u00f3rio Estadual. Ainda segundo a proposi\u00e7\u00e3o, os dados relativos \u00e0s funcion\u00e1rias, ressalvada a presta\u00e7\u00e3o das informa\u00e7\u00f5es obrigat\u00f3rias ao Poder P\u00fablico, ser\u00e3o sigilosos.<\/p>\n\n\n\n<p>\u201cEssa proposta contribui para a constru\u00e7\u00e3o permanente do processo democr\u00e1tico para que se tenha garantido o pleno exerc\u00edcio da cidadania \u00e0s mulheres, com o direito de acesso a todas as oportunidades\u201d, afirma os autores na justificativa da mat\u00e9ria.<\/p>\n\n\n\n<p>O texto \u00e9 assinado pelas deputadas Cantora Mara Lima (Republicanos), Cristina Silvestri (PSDB), Luciana Rafagnin (PT), Mabel Canto (PSDB) e Maria Victoria (PP), e pelo deputado Professor Lemos (PT).<\/p>\n","protected":false},"excerpt":{"rendered":"<p>Estimular boas pr\u00e1ticas empresariais para coibir e prevenir a viol\u00eancia dom\u00e9stica e familiar contra a mulher, bem como fomentar lideran\u00e7a corporativa de alto n\u00edvel para a igualdade de g\u00eanero. Este \u00e9 o objetivo do projeto de lei 93\/2021, que cria o \u201cSelo Estadual Empresa Pela Mulher\u201d e que foi aprovado em primeiro turno de vota\u00e7\u00e3o [&hellip;]<\/p>\n","protected":false},"author":1,"featured_media":1190,"comment_status":"open","ping_status":"open","sticky":false,"template":"","format":"standard","meta":{"footnotes":""},"categories":[34,1],"tags":[],"class_list":{"0":"post-1189","1":"post","2":"type-post","3":"status-publish","4":"format-standard","5":"has-post-thumbnail","7":"category-parana","8":"category-sem-categoria"},"_links":{"self":[{"href":"https:\/\/professorlemos.com.br\/index.php?rest_route=\/wp\/v2\/posts\/1189","targetHints":{"allow":["GET"]}}],"collection":[{"href":"https:\/\/professorlemos.com.br\/index.php?rest_route=\/wp\/v2\/posts"}],"about":[{"href":"https:\/\/professorlemos.com.br\/index.php?rest_route=\/wp\/v2\/types\/post"}],"author":[{"embeddable":true,"href":"https:\/\/professorlemos.com.br\/index.php?rest_route=\/wp\/v2\/users\/1"}],"replies":[{"embeddable":true,"href":"https:\/\/professorlemos.com.br\/index.php?rest_route=%2Fwp%2Fv2%2Fcomments&post=1189"}],"version-history":[{"count":1,"href":"https:\/\/professorlemos.com.br\/index.php?rest_route=\/wp\/v2\/posts\/1189\/revisions"}],"predecessor-version":[{"id":1191,"href":"https:\/\/professorlemos.com.br\/index.php?rest_route=\/wp\/v2\/posts\/1189\/revisions\/1191"}],"wp:featuredmedia":[{"embeddable":true,"href":"https:\/\/professorlemos.com.br\/index.php?rest_route=\/wp\/v2\/media\/1190"}],"wp:attachment":[{"href":"https:\/\/professorlemos.com.br\/index.php?rest_route=%2Fwp%2Fv2%2Fmedia&parent=1189"}],"wp:term":[{"taxonomy":"category","embeddable":true,"href":"https:\/\/professorlemos.com.br\/index.php?rest_route=%2Fwp%2Fv2%2Fcategories&post=1189"},{"taxonomy":"post_tag","embeddable":true,"href":"https:\/\/professorlemos.com.br\/index.php?rest_route=%2Fwp%2Fv2%2Ftags&post=1189"}],"curies":[{"name":"wp","href":"https:\/\/api.w.org\/{rel}","templated":true}]}}