{"id":591,"date":"2020-10-07T16:55:35","date_gmt":"2020-10-07T19:55:35","guid":{"rendered":"http:\/\/professorlemos.com.br\/?p=591"},"modified":"2020-10-26T17:07:57","modified_gmt":"2020-10-26T20:07:57","slug":"lemos-repudia-proposta-do-governo-de-retomar-aulas-presenciais-dia-19-de-outubro","status":"publish","type":"post","link":"https:\/\/professorlemos.com.br\/?p=591","title":{"rendered":"Lemos repudia proposta do governo de retomar aulas presenciais dia 19 de outubro"},"content":{"rendered":"\n<p>O deputado Professor Lemos (PT) repudiou hoje (7) a proposta do governo do Estado de retomar as aulas presenciais em algumas escolas a partir do dia 19 de outubro. Lemos destacou que a possibilidade da retomada das atividades presenciais em plena pandemia do coronav\u00edrus deixou toda a comunidade escolar muito preocupada. Ele cobrou que o governo ou\u00e7a as reivindica\u00e7\u00f5es dos estudantes, professores, e pais de alunos, que j\u00e1 se posicionaram contra a retomada das aulas neste momento.&nbsp;<\/p>\n\n\n\n<p>L\u00edder da oposi\u00e7\u00e3o na Assembleia, o parlamentar ressaltou que o retorno \u00e0s aulas deve ser feito com total seguran\u00e7a e lembrou que os professores da rede estadual j\u00e1 aprovaram, em assembleia, uma greve geral contra o retorno \u00e0s atividades presenciais nas escolas.<\/p>\n\n\n\n<p>&#8220;O retorno \u00e0s aulas presenciais tem que ser com muita seguran\u00e7a. A possibilidade de voltar as aulas em algumas escolas a partir de 19 de outubro deixou estudantes, pais, profissionais da educa\u00e7\u00e3o, muito preocupados. Se o governo convocar aulas presenciais durante a pandemia, n\u00e3o haver\u00e1 aula. Haver\u00e1 greve geral por tempo indeterminado. N\u00e3o haver\u00e1 nem aula \u00e0 dist\u00e2ncia, de modo remoto. Precisamos de muito cuidado\u201d, alertou.<\/p>\n\n\n\n<p>Lemos tamb\u00e9m cobrou que o Poder Executivo leve em considera\u00e7\u00e3o a opini\u00e3o da comunidade escolar sobre a retomada das atividades presenciais nas institui\u00e7\u00f5es de ensino.<\/p>\n\n\n\n<p>&#8220;Quero alertar o governo do Estado que ou\u00e7a os pais, os estudantes, os profissionais da educa\u00e7\u00e3o. O movimento estudantil tem organiza\u00e7\u00e3o, tem lideran\u00e7as. Os pais e m\u00e3es t\u00eam organiza\u00e7\u00e3o. A APP representa professores e funcion\u00e1rios da escola. O governo deve ouvir a comunidade escolar, que est\u00e1 organizada e n\u00e3o deseja o retorno das aulas neste per\u00edodo da pandemia, quando sabemos que ainda existe bastante cont\u00e1gio e n\u00e3o esta havendo uma redu\u00e7\u00e3o do n\u00famero de infectados e de mortes\u201d.<\/p>\n\n\n\n<p>O deputado ressaltou que muitas localidades que j\u00e1 retomaram as aulas voltaram atr\u00e1s da decis\u00e3o. Ele ainda defendeu que as atividades presenciais sejam retomadas apenas no pr\u00f3ximo ano, ap\u00f3s a vacina do coronav\u00edrus.&nbsp;<\/p>\n\n\n\n<p>&#8220;Localidades que j\u00e1 retomaram as aulas tiveram que recuar. \u00c9 o caso de Israel, Londres, Paris. \u00c9 prudente que a gente aguarde ate o final do ano, para que possamos ter a vacina para imunizar toda a popula\u00e7\u00e3o, e no pr\u00f3ximo ano retomamos com aulas presenciais com seguran\u00e7a. Precisamos de seguran\u00e7a, n\u00e3o podemos colocar em risco a vida de estudantes, de profissionais da educa\u00e7\u00e3o, e dos seus familiares\u201d.<\/p>\n\n\n\n<p>#mandatoLemos&nbsp; #professorlemosnaluta&nbsp; #lemossemprepresente #professorlemosn\u00e3opara #lemosnaAlep<\/p>\n","protected":false},"excerpt":{"rendered":"<p>O deputado Professor Lemos (PT) repudiou hoje (7) a proposta do governo do Estado de retomar as aulas presenciais em algumas escolas a partir do dia 19 de outubro. Lemos destacou que a possibilidade da retomada das atividades presenciais em plena pandemia do coronav\u00edrus deixou toda a comunidade escolar muito preocupada. Ele cobrou que o [&hellip;]<\/p>\n","protected":false},"author":1,"featured_media":491,"comment_status":"open","ping_status":"open","sticky":false,"template":"","format":"standard","meta":{"footnotes":""},"categories":[30],"tags":[],"class_list":{"0":"post-591","1":"post","2":"type-post","3":"status-publish","4":"format-standard","5":"has-post-thumbnail","7":"category-noticias"},"_links":{"self":[{"href":"https:\/\/professorlemos.com.br\/index.php?rest_route=\/wp\/v2\/posts\/591","targetHints":{"allow":["GET"]}}],"collection":[{"href":"https:\/\/professorlemos.com.br\/index.php?rest_route=\/wp\/v2\/posts"}],"about":[{"href":"https:\/\/professorlemos.com.br\/index.php?rest_route=\/wp\/v2\/types\/post"}],"author":[{"embeddable":true,"href":"https:\/\/professorlemos.com.br\/index.php?rest_route=\/wp\/v2\/users\/1"}],"replies":[{"embeddable":true,"href":"https:\/\/professorlemos.com.br\/index.php?rest_route=%2Fwp%2Fv2%2Fcomments&post=591"}],"version-history":[{"count":1,"href":"https:\/\/professorlemos.com.br\/index.php?rest_route=\/wp\/v2\/posts\/591\/revisions"}],"predecessor-version":[{"id":592,"href":"https:\/\/professorlemos.com.br\/index.php?rest_route=\/wp\/v2\/posts\/591\/revisions\/592"}],"wp:featuredmedia":[{"embeddable":true,"href":"https:\/\/professorlemos.com.br\/index.php?rest_route=\/wp\/v2\/media\/491"}],"wp:attachment":[{"href":"https:\/\/professorlemos.com.br\/index.php?rest_route=%2Fwp%2Fv2%2Fmedia&parent=591"}],"wp:term":[{"taxonomy":"category","embeddable":true,"href":"https:\/\/professorlemos.com.br\/index.php?rest_route=%2Fwp%2Fv2%2Fcategories&post=591"},{"taxonomy":"post_tag","embeddable":true,"href":"https:\/\/professorlemos.com.br\/index.php?rest_route=%2Fwp%2Fv2%2Ftags&post=591"}],"curies":[{"name":"wp","href":"https:\/\/api.w.org\/{rel}","templated":true}]}}