{"id":765,"date":"2020-12-02T14:05:06","date_gmt":"2020-12-02T17:05:06","guid":{"rendered":"http:\/\/professorlemos.com.br\/?p=765"},"modified":"2020-12-02T14:22:49","modified_gmt":"2020-12-02T17:22:49","slug":"projeto-do-governo-ratinho-jr-mata-a-carreira-do-funcionalismo-alerta-lemos","status":"publish","type":"post","link":"https:\/\/professorlemos.com.br\/?p=765","title":{"rendered":"Projeto do governo Ratinho Jr. mata a carreira do funcionalismo, alerta Lemos"},"content":{"rendered":"\n<p>&#8220;\u00c9 uma bomba at\u00f4mica que est\u00e1 sendo jogada nos funcion\u00e1rios do Estado. O projeto mata a carreira dos servidores do Paran\u00e1\u201d, alertou hoje (2) o deputado Professor Lemos (PT), em discurso na sess\u00e3o virtual da Assembleia Legislativa (Alep), sobre o projeto de lei complementar (PLC) 19\/2020, de autoria do Poder Executivo.&nbsp;<\/p>\n\n\n\n<p>Recebido nesta quarta-feira na Assembleia, entre outras medidas, o PLC estabelece regramentos que dificultam a concess\u00e3o das promo\u00e7\u00f5es e progress\u00f5es autom\u00e1ticas ja garantidas em lei e outros avan\u00e7os nas carreiras, al\u00e9m de vincular o pagamento dos benef\u00edcios \u00e0 autoriza\u00e7\u00e3o expressa do chefe do Poder Executivo. Segundo Lemos, o PLC \u00e9 mais um ataque brutal do governo Ratinho Jr. contra servidores p\u00fablicos.<\/p>\n\n\n\n<p>&#8220;O servidor ingressa com um sal\u00e1rio pequeno e ao longo do tempo vai evoluindo na carreira, com progress\u00f5es, promo\u00e7\u00f5es, adicional por tempo de servi\u00e7o. O PLC vai matar a carreira dos servidores. O Estado deve respeitar os planos de carreira do funcionalismo. Tamb\u00e9m contraria o interesse p\u00fablico, \u00e9 um desservi\u00e7o ao povo do Paran\u00e1, pois ao atacar o servidor p\u00fablico, o governo ataca tamb\u00e9m o servi\u00e7o p\u00fablico\u201d, afirmou.<\/p>\n\n\n\n<p>Lemos ressaltou que o governo j\u00e1 solicitou regime de urg\u00eancia na tramita\u00e7\u00e3o da proposta, dando ind\u00edcios de que pretende, mais uma vez, atropelar as discuss\u00f5es e aprovar rapidamente a medida.<\/p>\n\n\n\n<p>\u201c\u00c9 um absurdo. \u00c9 um ataque a cada servidor e cada servidora, um ataque \u00e0s fam\u00edlias dos servidores, pois est\u00e1 empobrecendo o funcionalismo. Mais de 1 milh\u00e3o de pessoas ser\u00e3o afetadas. \u00c9 uma bomba at\u00f4mica contra o funcionalismo, pois sufoca, tira o ar, tira a vida dos servidores, que ter\u00e3o que trabalhar fazendo bico em outros lugares para complementar renda e jamais v\u00e3o chegar ao final da carreira\u201d.<\/p>\n\n\n\n<p>O parlamentar ainda destacou que os servidores p\u00fablicos de todas as \u00e1reas e a sociedade precisam se mobilizar contra a medida.<\/p>\n\n\n\n<p>&#8220;O PLC n\u00e3o pode avan\u00e7ar na Assembleia. O governo est\u00e1 sem fazer a reposi\u00e7\u00e3o da infla\u00e7\u00e3o, fez a reforma da previd\u00eancia que aumentou a al\u00edquota e reduziu o sal\u00e1rio l\u00edquido dos servidores. Agora retoma aquilo que o governador Jaime Lerner queria fazer em 1998. Com esta lei, os funcion\u00e1rios de escola, que t\u00eam direito de receber as progress\u00f5es, levar\u00e3o calote do governo. Os professores, que t\u00eam o direito de ter a evolu\u00e7\u00e3o na carreira, tamb\u00e9m. \u00c9 um calote, \u00e9 roubar o servidor p\u00fablico. Por que tanto \u00f3dio com os servidores do Paran\u00e1, aqueles que fazem acontecer as pol\u00edticas publicas?&#8221;<\/p>\n\n\n\n<p><strong>Confira o PLC 19\/2020 na \u00edntegra<\/strong><\/p>\n\n\n\n<div class=\"wp-block-file\"><a href=\"http:\/\/professorlemos.com.br\/wp-content\/uploads\/2020\/12\/MENSAGEM-81_2020-PLC19_2020.pdf\">MENSAGEM 81_2020-PLC19_2020<\/a><a href=\"http:\/\/professorlemos.com.br\/wp-content\/uploads\/2020\/12\/MENSAGEM-81_2020-PLC19_2020.pdf\" class=\"wp-block-file__button\" download>Baixar<\/a><\/div>\n\n\n\n<p>#mandatolemos #professorlemosnaluta #lemossemprepresente #professorlemosn\u00e3opara #lemosnaAlep<\/p>\n","protected":false},"excerpt":{"rendered":"<p>&#8220;\u00c9 uma bomba at\u00f4mica que est\u00e1 sendo jogada nos funcion\u00e1rios do Estado. O projeto mata a carreira dos servidores do Paran\u00e1\u201d, alertou hoje (2) o deputado Professor Lemos (PT), em discurso na sess\u00e3o virtual da Assembleia Legislativa (Alep), sobre o projeto de lei complementar (PLC) 19\/2020, de autoria do Poder Executivo.&nbsp; Recebido nesta quarta-feira na [&hellip;]<\/p>\n","protected":false},"author":1,"featured_media":766,"comment_status":"open","ping_status":"open","sticky":false,"template":"","format":"standard","meta":{"footnotes":""},"categories":[36],"tags":[],"class_list":{"0":"post-765","1":"post","2":"type-post","3":"status-publish","4":"format-standard","5":"has-post-thumbnail","7":"category-servidores-publicos"},"_links":{"self":[{"href":"https:\/\/professorlemos.com.br\/index.php?rest_route=\/wp\/v2\/posts\/765","targetHints":{"allow":["GET"]}}],"collection":[{"href":"https:\/\/professorlemos.com.br\/index.php?rest_route=\/wp\/v2\/posts"}],"about":[{"href":"https:\/\/professorlemos.com.br\/index.php?rest_route=\/wp\/v2\/types\/post"}],"author":[{"embeddable":true,"href":"https:\/\/professorlemos.com.br\/index.php?rest_route=\/wp\/v2\/users\/1"}],"replies":[{"embeddable":true,"href":"https:\/\/professorlemos.com.br\/index.php?rest_route=%2Fwp%2Fv2%2Fcomments&post=765"}],"version-history":[{"count":5,"href":"https:\/\/professorlemos.com.br\/index.php?rest_route=\/wp\/v2\/posts\/765\/revisions"}],"predecessor-version":[{"id":773,"href":"https:\/\/professorlemos.com.br\/index.php?rest_route=\/wp\/v2\/posts\/765\/revisions\/773"}],"wp:featuredmedia":[{"embeddable":true,"href":"https:\/\/professorlemos.com.br\/index.php?rest_route=\/wp\/v2\/media\/766"}],"wp:attachment":[{"href":"https:\/\/professorlemos.com.br\/index.php?rest_route=%2Fwp%2Fv2%2Fmedia&parent=765"}],"wp:term":[{"taxonomy":"category","embeddable":true,"href":"https:\/\/professorlemos.com.br\/index.php?rest_route=%2Fwp%2Fv2%2Fcategories&post=765"},{"taxonomy":"post_tag","embeddable":true,"href":"https:\/\/professorlemos.com.br\/index.php?rest_route=%2Fwp%2Fv2%2Ftags&post=765"}],"curies":[{"name":"wp","href":"https:\/\/api.w.org\/{rel}","templated":true}]}}