{"id":804,"date":"2020-12-16T16:58:38","date_gmt":"2020-12-16T19:58:38","guid":{"rendered":"http:\/\/professorlemos.com.br\/?p=804"},"modified":"2020-12-16T16:58:42","modified_gmt":"2020-12-16T19:58:42","slug":"lemos-pede-ao-governo-manutencao-dos-empregos-de-97-mil-funcionarios-de-escolas-do-parana","status":"publish","type":"post","link":"https:\/\/professorlemos.com.br\/?p=804","title":{"rendered":"Lemos pede ao governo manuten\u00e7\u00e3o dos empregos de 9,7 mil funcion\u00e1rios de escolas do Paran\u00e1"},"content":{"rendered":"\n<p>Em discurso na sess\u00e3o plen\u00e1ria da Assembleia Legislativa (Alep) desta quarta-feira (16), o deputado Professor Lemos (PT) fez um apelo para que o governador Ratinho Jr. determine a prorroga\u00e7\u00e3o dos contratos de trabalho, que se encerram no final deste m\u00eas, de 9,7 mil funcion\u00e1rios e funcion\u00e1rias de escolas, impedindo a demiss\u00e3o dos trabalhadores e trabalhadoras no dia 1\u00ba&nbsp;de janeiro de 2021.&nbsp;<\/p>\n\n\n\n<p>&#8220;Quero fazer um apelo ao governador para que n\u00e3o demita quase 10 mil funcion\u00e1rios de escolas. S\u00e3o 9,7 mil funcion\u00e1rios de escolas, merendeiras, zeladoras, funcion\u00e1rias das secretarias, das bibliotecas, trabalhadoras que est\u00e3o nas escolas h\u00e1 muitos anos, com contrato que termina em 31 de dezembro, e que pode ser prorrogado por mais um ano\u201d, argumentou.<\/p>\n\n\n\n<p>Lemos afirmou que a inten\u00e7\u00e3o do governo, de substituir os funcion\u00e1rios de escola por terceirizados, \u00e9 cruel e precisa ser revista.<\/p>\n\n\n\n<p>&#8220;O governo est\u00e1 propondo terceirizar, contratar empresas privadas, entregar dinheiro p\u00fablico para estas empresas contratarem quem elas quiserem colocar no lugar destas funcion\u00e1rias de escolas. Isto \u00e9 um desrespeito muito grande, \u00e9 muito triste. Algumas funcion\u00e1rias est\u00e3o pr\u00f3ximas da aposentadoria. \u00c9 muito cruel esta determina\u00e7\u00e3o de terceirizar e colocar no olho da rua aproximadamente 10 mil funcion\u00e1rios e funcion\u00e1rias de escolas\u201d.<\/p>\n\n\n\n<p>O deputado tamb\u00e9m defendeu a suspens\u00e3o do Edital 47\/2020, da Secretaria de Educa\u00e7\u00e3o (Seed), que altera os crit\u00e9rios para contrata\u00e7\u00e3o de professores tempor\u00e1rios para o ano de 2021, instituindo a realiza\u00e7\u00e3o de uma prova presencial em plena pandemia do coronav\u00edrus.<\/p>\n\n\n\n<p>\u201cAl\u00e9m das funcion\u00e1rias de escolas, temos tamb\u00e9m mais de 20 mil professores que est\u00e3o correndo o risco de serem colocados no olho da rua. Por determina\u00e7\u00e3o da Justi\u00e7a, o governo n\u00e3o p\u00f4de fazer a prova do PSS agora em dezembro, mas marcou para 10 de janeiro. Que o governo suspenda esta prova, que suspenda o edital, este maldito edital, porque n\u00e3o \u00e9 apenas a prova presencial que preocupa. Os termos do edital preocupam muito, porque eles desrespeitam a categoria dos professores. Queremos que o governo suspenda a prova, suspenda o edital, e que nenhum professor PSS, assim como n\u00e3o tire o emprego de nenhum funcion\u00e1rio de escola\u201d.<\/p>\n\n\n\n<p>#mandatoLemos #professorlemosnaluta #lemossemprepresente #professorlemosn\u00e3opara\u00a0#lemosnaalep<\/p>\n","protected":false},"excerpt":{"rendered":"<p>Em discurso na sess\u00e3o plen\u00e1ria da Assembleia Legislativa (Alep) desta quarta-feira (16), o deputado Professor Lemos (PT) fez um apelo para que o governador Ratinho Jr. determine a prorroga\u00e7\u00e3o dos contratos de trabalho, que se encerram no final deste m\u00eas, de 9,7 mil funcion\u00e1rios e funcion\u00e1rias de escolas, impedindo a demiss\u00e3o dos trabalhadores e trabalhadoras [&hellip;]<\/p>\n","protected":false},"author":1,"featured_media":805,"comment_status":"open","ping_status":"open","sticky":false,"template":"","format":"standard","meta":{"footnotes":""},"categories":[35],"tags":[],"class_list":{"0":"post-804","1":"post","2":"type-post","3":"status-publish","4":"format-standard","5":"has-post-thumbnail","7":"category-educacao"},"_links":{"self":[{"href":"https:\/\/professorlemos.com.br\/index.php?rest_route=\/wp\/v2\/posts\/804","targetHints":{"allow":["GET"]}}],"collection":[{"href":"https:\/\/professorlemos.com.br\/index.php?rest_route=\/wp\/v2\/posts"}],"about":[{"href":"https:\/\/professorlemos.com.br\/index.php?rest_route=\/wp\/v2\/types\/post"}],"author":[{"embeddable":true,"href":"https:\/\/professorlemos.com.br\/index.php?rest_route=\/wp\/v2\/users\/1"}],"replies":[{"embeddable":true,"href":"https:\/\/professorlemos.com.br\/index.php?rest_route=%2Fwp%2Fv2%2Fcomments&post=804"}],"version-history":[{"count":1,"href":"https:\/\/professorlemos.com.br\/index.php?rest_route=\/wp\/v2\/posts\/804\/revisions"}],"predecessor-version":[{"id":806,"href":"https:\/\/professorlemos.com.br\/index.php?rest_route=\/wp\/v2\/posts\/804\/revisions\/806"}],"wp:featuredmedia":[{"embeddable":true,"href":"https:\/\/professorlemos.com.br\/index.php?rest_route=\/wp\/v2\/media\/805"}],"wp:attachment":[{"href":"https:\/\/professorlemos.com.br\/index.php?rest_route=%2Fwp%2Fv2%2Fmedia&parent=804"}],"wp:term":[{"taxonomy":"category","embeddable":true,"href":"https:\/\/professorlemos.com.br\/index.php?rest_route=%2Fwp%2Fv2%2Fcategories&post=804"},{"taxonomy":"post_tag","embeddable":true,"href":"https:\/\/professorlemos.com.br\/index.php?rest_route=%2Fwp%2Fv2%2Ftags&post=804"}],"curies":[{"name":"wp","href":"https:\/\/api.w.org\/{rel}","templated":true}]}}