{"id":846,"date":"2021-02-08T16:56:43","date_gmt":"2021-02-08T19:56:43","guid":{"rendered":"http:\/\/professorlemos.com.br\/?p=846"},"modified":"2021-02-08T17:02:49","modified_gmt":"2021-02-08T20:02:49","slug":"lemos-destaca-indignacao-da-sociedade-paranaense-contra-novo-modelo-de-pedagio","status":"publish","type":"post","link":"https:\/\/professorlemos.com.br\/?p=846","title":{"rendered":"Lemos destaca indigna\u00e7\u00e3o da sociedade paranaense contra novo modelo de ped\u00e1gio"},"content":{"rendered":"\n<p>O deputado Professor Lemos (PT), l\u00edder da oposi\u00e7\u00e3o na Assembleia Legislativa (Alep), ressaltou hoje (8) a indigna\u00e7\u00e3o da sociedade paranaense contra o novo modelo de ped\u00e1gio do Estado proposto pelo governo federal, que al\u00e9m de manter as tarifas abusivas vai aumentar o n\u00famero de pra\u00e7as de ped\u00e1gio nas rodovias.<\/p>\n\n\n\n<p>\u201cA indigna\u00e7\u00e3o est\u00e1 tomando conta do Paran\u00e1 contra a proposta de renovar os ped\u00e1gios atuais e de implementar novos ped\u00e1gios. N\u00f3s n\u00e3o queremos e n\u00e3o precisamos de mais ped\u00e1gio. Demorou 24 anos, mas chegou o momento. Em novembro, n\u00f3s podemos nos livrar do ped\u00e1gio. Foi uma luta. Lutamos contra a implanta\u00e7\u00e3o deste ped\u00e1gio no Paran\u00e1, lutamos para que a Justi\u00e7a pudesse corrigir este absurdo. Agora, o tempo de contrato est\u00e1 se esgotando, e o governo federal apresenta uma proposta de renovar estes ped\u00e1gios por mais 30 anos e no mesmo modelo que foi implementado nos anos 1990, que \u00e9 a outorga onerosa. A empresa que pagar mais vai comprar o trecho para explorar por 30 anos. \u00c9 o modelo mais caro, diferente do modelo que alguns estados implementaram, como Santa Catarina e Rio Grande do Sul\u201d, explicou Lemos, lembrando que em fevereiro do ano passado foi leiloado um trecho entre Florian\u00f3polis e a divisa com o Rio Grande do Sul pela menor tarifa. O leil\u00e3o come\u00e7ou com R$ 5,98 e a concession\u00e1ria venceu o leil\u00e3o por R$ 1,68.<\/p>\n\n\n\n<p>O deputado destacou as audi\u00eancias p\u00fablicas realizadas na \u00faltima semana em Cascavel e Foz do Igua\u00e7u da Frente Parlamentar sobre o Ped\u00e1gio para debater o novo modelo. Nas duas cidades, as lideran\u00e7as pol\u00edticas e empresariais se manifestaram frontalmente contra a proposta.<\/p>\n\n\n\n<p>\u201cPor que querem renovar os ped\u00e1gios no mesmo modelo que estas empresas j\u00e1 exploram o nosso povo por 24 anos? A regi\u00e3o Oeste inteira est\u00e1 se levantando contra a renova\u00e7\u00e3o neste modelo. Pode ser renovado pela menor tarifa, porque do contr\u00e1rio vai continuar caro, pesando no bolso dos paranaenses e na economia do Paran\u00e1. E para piorar, o governo pretende entregar estradas estaduais para que o governo federal possa colocar ped\u00e1gio onde ainda n\u00e3o tem\u201d.<\/p>\n\n\n\n<p>Lemos ainda argumentou que a proposta do governo federal prev\u00ea o aumento de 2,5 mil para 4 mil quil\u00f3metros de trechos pedagiados, e tamb\u00e9m o aumento no n\u00famero de pra\u00e7as de ped\u00e1gio.<\/p>\n\n\n\n<p>\u201cA proposta \u00e9 de multiplicar o n\u00famero de ped\u00e1gios no Estado. Est\u00e3o propondo aumentar em 33% o n\u00famero de quil\u00f4metros pedagiados, com 55% a mais de pra\u00e7as. Vai colocar as pra\u00e7as mais perto umas da outras. O governo vai dizer que vai cobrar menos, mas quando somar o quil\u00f4metro rodado, a popula\u00e7\u00e3o vai acabar pagando mais. Os mesmos R$ 0,10 por quil\u00f4metro que custam hoje v\u00e3o custar depois. \u00c9 um absurdo. Somos contra. Por isso esta indigna\u00e7\u00e3o santa est\u00e1 tomando conta do Paran\u00e1\u201d.<\/p>\n","protected":false},"excerpt":{"rendered":"<p>O deputado Professor Lemos (PT), l\u00edder da oposi\u00e7\u00e3o na Assembleia Legislativa (Alep), ressaltou hoje (8) a indigna\u00e7\u00e3o da sociedade paranaense contra o novo modelo de ped\u00e1gio do Estado proposto pelo governo federal, que al\u00e9m de manter as tarifas abusivas vai aumentar o n\u00famero de pra\u00e7as de ped\u00e1gio nas rodovias. \u201cA indigna\u00e7\u00e3o est\u00e1 tomando conta do [&hellip;]<\/p>\n","protected":false},"author":1,"featured_media":847,"comment_status":"open","ping_status":"open","sticky":false,"template":"","format":"standard","meta":{"footnotes":""},"categories":[34],"tags":[],"class_list":{"0":"post-846","1":"post","2":"type-post","3":"status-publish","4":"format-standard","5":"has-post-thumbnail","7":"category-parana"},"_links":{"self":[{"href":"https:\/\/professorlemos.com.br\/index.php?rest_route=\/wp\/v2\/posts\/846","targetHints":{"allow":["GET"]}}],"collection":[{"href":"https:\/\/professorlemos.com.br\/index.php?rest_route=\/wp\/v2\/posts"}],"about":[{"href":"https:\/\/professorlemos.com.br\/index.php?rest_route=\/wp\/v2\/types\/post"}],"author":[{"embeddable":true,"href":"https:\/\/professorlemos.com.br\/index.php?rest_route=\/wp\/v2\/users\/1"}],"replies":[{"embeddable":true,"href":"https:\/\/professorlemos.com.br\/index.php?rest_route=%2Fwp%2Fv2%2Fcomments&post=846"}],"version-history":[{"count":1,"href":"https:\/\/professorlemos.com.br\/index.php?rest_route=\/wp\/v2\/posts\/846\/revisions"}],"predecessor-version":[{"id":848,"href":"https:\/\/professorlemos.com.br\/index.php?rest_route=\/wp\/v2\/posts\/846\/revisions\/848"}],"wp:featuredmedia":[{"embeddable":true,"href":"https:\/\/professorlemos.com.br\/index.php?rest_route=\/wp\/v2\/media\/847"}],"wp:attachment":[{"href":"https:\/\/professorlemos.com.br\/index.php?rest_route=%2Fwp%2Fv2%2Fmedia&parent=846"}],"wp:term":[{"taxonomy":"category","embeddable":true,"href":"https:\/\/professorlemos.com.br\/index.php?rest_route=%2Fwp%2Fv2%2Fcategories&post=846"},{"taxonomy":"post_tag","embeddable":true,"href":"https:\/\/professorlemos.com.br\/index.php?rest_route=%2Fwp%2Fv2%2Ftags&post=846"}],"curies":[{"name":"wp","href":"https:\/\/api.w.org\/{rel}","templated":true}]}}