{"id":849,"date":"2021-02-08T17:40:48","date_gmt":"2021-02-08T20:40:48","guid":{"rendered":"http:\/\/professorlemos.com.br\/?p=849"},"modified":"2021-02-08T17:41:34","modified_gmt":"2021-02-08T20:41:34","slug":"volta-as-aulas-so-pode-ocorrer-depois-da-vacina-defende-lemos","status":"publish","type":"post","link":"https:\/\/professorlemos.com.br\/?p=849","title":{"rendered":"Volta \u00e0s aulas s\u00f3 pode ocorrer depois da vacina, defende Lemos"},"content":{"rendered":"\n<p>Por iniciativa do deputado Professor Lemos (PT), a Assembleia Legislativa (Alep) vai realizar na pr\u00f3xima quarta-feira (10), \u00e0s 14 horas, uma audi\u00eancia p\u00fablica para debater o projeto de lei 4\/2021, do Poder Executivo, que inclui a educa\u00e7\u00e3o no rol de atividades essenciais. Na pr\u00e1tica, o PL permite a retomada das aulas presenciais no Paran\u00e1 no dia 18 de fevereiro, em plena evolu\u00e7\u00e3o da pandemia do coronav\u00edrus e sem que a popula\u00e7\u00e3o tenha sido vacinada.<\/p>\n\n\n\n<p>\u201cEstamos organizando uma audi\u00eancia p\u00fablica e convidamos toda a popula\u00e7\u00e3o para participar deste debate com especialistas, profissionais, e com as experi\u00eancias de outros locais, como de Manaus. O retorno \u00e0s aulas presenciais no Amazonas foi terr\u00edvel. Por isso a indigna\u00e7\u00e3o dos professores e funcion\u00e1rios de escola, dos estudantes, dos pais, contra este projeto, que n\u00e3o \u00e9 de interesse p\u00fablico. Ao contr\u00e1rio, pode fazer com que muitos paranaenses sejam acometidos pelo coronav\u00edrus\u201d, alertou.<\/p>\n\n\n\n<p>L\u00edder da oposi\u00e7\u00e3o, Lemos lembrou do caso do Amazonas, primeiro Estado a retomar as aulas presenciais, ainda em agosto de 2020. Tr\u00eas semanas ap\u00f3s a volta \u00e0s aulas, contudo, um ter\u00e7o dos professores estavam contaminados pelo coronav\u00edrus.<\/p>\n\n\n\n<p>\u201c\u00c9 um projeto complexo, que preocupa muito a comunidade escolar. No Amazonas, que foi o primeiro Estado que retomou as aulas presenciais, tr\u00eas semanas depois um ter\u00e7o dos professores estavam contaminados com o coronav\u00edrus. Ao convocar e obrigar aula presencial, n\u00f3s vamos ter mais ou menos 2,5 milh\u00f5es de pessoas circulando, fazendo com que o v\u00edrus circule com agilidade, podendo contagiar muitas pessoas e causar o colapso do sistema de sa\u00fade\u201d.<\/p>\n\n\n\n<p>O parlamentar destacou que o momento \u00e9 de proteger vidas e que a retomada das aulas presenciais s\u00f3 pode ocorrer ap\u00f3s a vacina\u00e7\u00e3o da popula\u00e7\u00e3o.<\/p>\n\n\n\n<p>\u201cO projeto vai al\u00e9m da rede estadual. Inclui a rede privada, universidades, e redes municipais, inclusive retirando dos prefeitos autonomia de decidir se vai ter aula presencial ou n\u00e3o no munic\u00edpio. N\u00e3o concordamos com isso. \u00c9 momento de proteger vidas, e n\u00f3s queremos que o governo trabalhe com agilidade para que tenhamos a vacina\u00e7\u00e3o o quanto antes para nossa popula\u00e7\u00e3o para, depois de todos vacinados, a\u00ed sim podemos retomar as aulas presenciais. Que nenhuma profissional da educa\u00e7\u00e3o, nenhuma crian\u00e7a, nenhum estudante e familiar, corra risco por conta do coronav\u00edrus.\u201d<\/p>\n","protected":false},"excerpt":{"rendered":"<p>Por iniciativa do deputado Professor Lemos (PT), a Assembleia Legislativa (Alep) vai realizar na pr\u00f3xima quarta-feira (10), \u00e0s 14 horas, uma audi\u00eancia p\u00fablica para debater o projeto de lei 4\/2021, do Poder Executivo, que inclui a educa\u00e7\u00e3o no rol de atividades essenciais. Na pr\u00e1tica, o PL permite a retomada das aulas presenciais no Paran\u00e1 no [&hellip;]<\/p>\n","protected":false},"author":1,"featured_media":850,"comment_status":"open","ping_status":"open","sticky":false,"template":"","format":"standard","meta":{"footnotes":""},"categories":[35],"tags":[],"class_list":{"0":"post-849","1":"post","2":"type-post","3":"status-publish","4":"format-standard","5":"has-post-thumbnail","7":"category-educacao"},"_links":{"self":[{"href":"https:\/\/professorlemos.com.br\/index.php?rest_route=\/wp\/v2\/posts\/849","targetHints":{"allow":["GET"]}}],"collection":[{"href":"https:\/\/professorlemos.com.br\/index.php?rest_route=\/wp\/v2\/posts"}],"about":[{"href":"https:\/\/professorlemos.com.br\/index.php?rest_route=\/wp\/v2\/types\/post"}],"author":[{"embeddable":true,"href":"https:\/\/professorlemos.com.br\/index.php?rest_route=\/wp\/v2\/users\/1"}],"replies":[{"embeddable":true,"href":"https:\/\/professorlemos.com.br\/index.php?rest_route=%2Fwp%2Fv2%2Fcomments&post=849"}],"version-history":[{"count":1,"href":"https:\/\/professorlemos.com.br\/index.php?rest_route=\/wp\/v2\/posts\/849\/revisions"}],"predecessor-version":[{"id":851,"href":"https:\/\/professorlemos.com.br\/index.php?rest_route=\/wp\/v2\/posts\/849\/revisions\/851"}],"wp:featuredmedia":[{"embeddable":true,"href":"https:\/\/professorlemos.com.br\/index.php?rest_route=\/wp\/v2\/media\/850"}],"wp:attachment":[{"href":"https:\/\/professorlemos.com.br\/index.php?rest_route=%2Fwp%2Fv2%2Fmedia&parent=849"}],"wp:term":[{"taxonomy":"category","embeddable":true,"href":"https:\/\/professorlemos.com.br\/index.php?rest_route=%2Fwp%2Fv2%2Fcategories&post=849"},{"taxonomy":"post_tag","embeddable":true,"href":"https:\/\/professorlemos.com.br\/index.php?rest_route=%2Fwp%2Fv2%2Ftags&post=849"}],"curies":[{"name":"wp","href":"https:\/\/api.w.org\/{rel}","templated":true}]}}