{"id":863,"date":"2021-02-17T14:09:13","date_gmt":"2021-02-17T17:09:13","guid":{"rendered":"http:\/\/professorlemos.com.br\/?p=863"},"modified":"2021-02-17T14:09:15","modified_gmt":"2021-02-17T17:09:15","slug":"projeto-garante-carga-horaria-de-2-horas-semanais-para-aulas-de-filosofia-sociologia-e-arte","status":"publish","type":"post","link":"https:\/\/professorlemos.com.br\/?p=863","title":{"rendered":"Projeto garante carga hor\u00e1ria de 2 horas semanais para aulas de Filosofia, Sociologia e Arte"},"content":{"rendered":"\n<p>Os deputados de oposi\u00e7\u00e3o na Assembleia Legislativa (Alep) apresentaram nesta ter\u00e7a-feira (16) um projeto de lei que estipula a carga hor\u00e1ria de 2 horas semanais para as disciplinas de Filosofia, Sociologia e Arte nas aulas da rede estadual de ensino. O PL foi apresentado em resposta \u00e0 Instru\u00e7\u00e3o Normativa 11\/2020 da Secretaria de Educa\u00e7\u00e3o (Seed), de dezembro de 2020, que reduziu para 1 hora semanal a carga hor\u00e1ria das disciplinas, medida que empobrece a matriz curricular e representa um grave retrocesso para a educa\u00e7\u00e3o p\u00fablica do Estado.<\/p>\n\n\n\n<p>L\u00edder da oposi\u00e7\u00e3o, o deputado Professor Lemos (PT) explicou que a elabora\u00e7\u00e3o do projeto de lei 40\/2021 foi um dos encaminhamentos da audi\u00eancia p\u00fablica realizada no dia 26 de janeiro, que contou com a participa\u00e7\u00e3o de educadores, estudantes e especialistas. Durante a audi\u00eancia, houve unanimidade em defesa da revoga\u00e7\u00e3o da redu\u00e7\u00e3o da carga hor\u00e1ria das aulas de Filosofia, Sociologia e Artes.<\/p>\n\n\n\n<p>\u201cA comunidade escolar foi surpreendida no final do ano passado com a redu\u00e7\u00e3o, de forma arbitr\u00e1ria, da carga hor\u00e1ria das disciplinas de Filosofia, Sociologia e Artes. A preocupa\u00e7\u00e3o de professores, estudantes e funcion\u00e1rios de escola \u00e9 muito grande, pois esta redu\u00e7\u00e3o empobrece a matriz curricular. S\u00e3o disciplinas fundamentais para a forma\u00e7\u00e3o plena das pessoas, para formar cidad\u00e3os com senso cr\u00edtico. O projeto visa reverter mais este ataque do governo Ratinho Jr. \u00e0 comunidade escolar, \u00e0 educa\u00e7\u00e3o p\u00fablica do nosso Estado\u201d, dissse.<\/p>\n\n\n\n<p>Al\u00e9m de Lemos, subscrevem o PL os deputados Anibelli Neto (MDB), Arilson Chiorato (PT), Goura (PDT), Luciana Rafagnin (PT), Requi\u00e3o Filho (MDB) e Tadeu Veneri (PT).<\/p>\n","protected":false},"excerpt":{"rendered":"<p>Os deputados de oposi\u00e7\u00e3o na Assembleia Legislativa (Alep) apresentaram nesta ter\u00e7a-feira (16) um projeto de lei que estipula a carga hor\u00e1ria de 2 horas semanais para as disciplinas de Filosofia, Sociologia e Arte nas aulas da rede estadual de ensino. O PL foi apresentado em resposta \u00e0 Instru\u00e7\u00e3o Normativa 11\/2020 da Secretaria de Educa\u00e7\u00e3o (Seed), [&hellip;]<\/p>\n","protected":false},"author":1,"featured_media":864,"comment_status":"open","ping_status":"open","sticky":false,"template":"","format":"standard","meta":{"footnotes":""},"categories":[35],"tags":[],"class_list":{"0":"post-863","1":"post","2":"type-post","3":"status-publish","4":"format-standard","5":"has-post-thumbnail","7":"category-educacao"},"_links":{"self":[{"href":"https:\/\/professorlemos.com.br\/index.php?rest_route=\/wp\/v2\/posts\/863","targetHints":{"allow":["GET"]}}],"collection":[{"href":"https:\/\/professorlemos.com.br\/index.php?rest_route=\/wp\/v2\/posts"}],"about":[{"href":"https:\/\/professorlemos.com.br\/index.php?rest_route=\/wp\/v2\/types\/post"}],"author":[{"embeddable":true,"href":"https:\/\/professorlemos.com.br\/index.php?rest_route=\/wp\/v2\/users\/1"}],"replies":[{"embeddable":true,"href":"https:\/\/professorlemos.com.br\/index.php?rest_route=%2Fwp%2Fv2%2Fcomments&post=863"}],"version-history":[{"count":1,"href":"https:\/\/professorlemos.com.br\/index.php?rest_route=\/wp\/v2\/posts\/863\/revisions"}],"predecessor-version":[{"id":865,"href":"https:\/\/professorlemos.com.br\/index.php?rest_route=\/wp\/v2\/posts\/863\/revisions\/865"}],"wp:featuredmedia":[{"embeddable":true,"href":"https:\/\/professorlemos.com.br\/index.php?rest_route=\/wp\/v2\/media\/864"}],"wp:attachment":[{"href":"https:\/\/professorlemos.com.br\/index.php?rest_route=%2Fwp%2Fv2%2Fmedia&parent=863"}],"wp:term":[{"taxonomy":"category","embeddable":true,"href":"https:\/\/professorlemos.com.br\/index.php?rest_route=%2Fwp%2Fv2%2Fcategories&post=863"},{"taxonomy":"post_tag","embeddable":true,"href":"https:\/\/professorlemos.com.br\/index.php?rest_route=%2Fwp%2Fv2%2Ftags&post=863"}],"curies":[{"name":"wp","href":"https:\/\/api.w.org\/{rel}","templated":true}]}}