{"id":870,"date":"2021-02-22T18:26:12","date_gmt":"2021-02-22T21:26:12","guid":{"rendered":"http:\/\/professorlemos.com.br\/?p=870"},"modified":"2021-02-22T18:26:16","modified_gmt":"2021-02-22T21:26:16","slug":"como-o-governo-quer-o-inicio-das-aulas-se-nao-temos-vacina-e-nao-temos-condicoes-sanitarias-questiona-lemos","status":"publish","type":"post","link":"https:\/\/professorlemos.com.br\/?p=870","title":{"rendered":"Como o governo quer o in\u00edcio das aulas se n\u00e3o temos vacina e n\u00e3o temos condi\u00e7\u00f5es sanit\u00e1rias?, questiona Lemos"},"content":{"rendered":"\n<p>O deputado Professor Lemos (PT) disse nesta segunda-feira (22), na Assembleia Legislativa, que a suspens\u00e3o ontem do concurso da Pol\u00edcia Civil, faltando poucas horas para a realiza\u00e7\u00e3o da prova, foi \u201cinadmiss\u00edvel\u201d e um \u201cdesrespeito muito grande\u201d com os candidatos e candidatas. Em seu discurso, Lemos destacou que um dos motivos da comiss\u00e3o organizadora para a suspens\u00e3o do concurso foi a falta de condi\u00e7\u00f5es sanit\u00e1rias ideais nas escolas estaduais, local da maioria das provas, e questionou o governo do Estado sobre a volta \u00e0s aulas na rede p\u00fablica de ensino: \u201cComo o governo marca o in\u00edcio das aulas se n\u00e3o temos vacina e n\u00e3o temos condi\u00e7\u00f5es sanit\u00e1rias?\u201d.<\/p>\n\n\n\n<p>Sobre a suspens\u00e3o do exame, o parlamentar afirmou que o caso \u201cn\u00e3o pode ficar impune\u201d. \u201cUm absurdo. Uma irresponsabilidade muito grande com milhares de candidatos e candidatas que estavam prontos para fazer a prova e \u00e0s 5h40 da manh\u00e3 s\u00e3o comunicados que n\u00e3o tem mais concurso, n\u00e3o tem mais prova. Isto n\u00e3o pode ficar impune. Gerou um preju\u00edzo muito grande para candidatos e candidatas. \u00c9 inadmiss\u00edvel\u201d.<\/p>\n\n\n\n<p>O deputado criticou o governo do Estado, que mesmo sabendo que n\u00e3o existem condi\u00e7\u00f5es sanit\u00e1rias para garantir a seguran\u00e7a dos estudantes, professores, profissionais da educa\u00e7\u00e3o e seus familiares, est\u00e1 determinando a volta \u00e0s aulas presenciais na rede p\u00fablica.<\/p>\n\n\n\n<p>\u201cQual a motiva\u00e7\u00e3o do N\u00facleo de Concursos para sustar as provas do concurso da Pol\u00edcia Civil? \u00c9 que os locais de prova n\u00e3o tinham condi\u00e7\u00f5es sanit\u00e1rias para os candidatos fazerem as provas com seguran\u00e7a. E quais s\u00e3o os locais de prova? A maioria, escolas p\u00fablicas do Estado. Se as escolas n\u00e3o t\u00eam condi\u00e7\u00f5es sanit\u00e1rias de ter uma prova de quatro horas para 106 mil candidatos, imagina receber todos os dias mais de 1 milh\u00e3o de estudantes e 100 mil servidores nas escolas, apenas da rede estadual?\u201d, questionou.<\/p>\n\n\n\n<p>Colocado em vota\u00e7\u00e3o na tarde de hoje em terceira discuss\u00e3o na Assembleia, o PL 4\/2021, que permite a retomada das aulas presenciais no Paran\u00e1 mesmo com o avan\u00e7o da pandemia do coronav\u00edrus, recebeu 44 votos favor\u00e1veis e 6 contr\u00e1rios. A oposi\u00e7\u00e3o votou contra.<\/p>\n\n\n\n<p>\u201cN\u00f3s estamos observando que o governo quer legalizar este absurdo, for\u00e7ar que as aulas aconte\u00e7am de modo presencial, num momento em que n\u00e3o estamos vencendo a guerra contra a Covid-19. N\u00e3o temos vacina, o sistema de sa\u00fade est\u00e1 sobrecarregado, foi suspenso um concurso porque verificaram que n\u00e3o tinha condi\u00e7\u00f5es sanit\u00e1rias nas escolas, e o governo vai colocar em risco os estudantes, profissionais da educa\u00e7\u00e3o e seus familiares\u201d, disse Lemos, encaminhando voto contra a proposta.<\/p>\n\n\n\n<p>O deputado ainda alertou que o contrato de mais de 11 mil funcion\u00e1rios de escolas est\u00e1 previsto para terminar no pr\u00f3ximo dia 28 e o governo ainda n\u00e3o informou se ser\u00e3o renovados.<\/p>\n\n\n\n<p>\u201cNo dia 28 est\u00e1 previsto o t\u00e9rmino do contrato de 11 mil funcion\u00e1rios Agentes 1 e 2. E ningu\u00e9m sabe at\u00e9 hoje se estes funcion\u00e1rios ser\u00e3o recontratados. Como o governo marca o in\u00edcio das aulas para 1o de mar\u00e7o sem 11 mil funcion\u00e1rios? \u00c9 inadmiss\u00edvel. Como marca o inicio das aulas se n\u00e3o temos vacina e n\u00e3o temos condi\u00e7\u00f5es sanit\u00e1rias? Se os leitos est\u00e3o todos ocupados, se tem gente na fila e n\u00e3o consegue vaga. Isto \u00e9 levar a comunidade escolar para o matadouro. N\u00e3o podemos concordar com isto!\u201d.<\/p>\n","protected":false},"excerpt":{"rendered":"<p>O deputado Professor Lemos (PT) disse nesta segunda-feira (22), na Assembleia Legislativa, que a suspens\u00e3o ontem do concurso da Pol\u00edcia Civil, faltando poucas horas para a realiza\u00e7\u00e3o da prova, foi \u201cinadmiss\u00edvel\u201d e um \u201cdesrespeito muito grande\u201d com os candidatos e candidatas. Em seu discurso, Lemos destacou que um dos motivos da comiss\u00e3o organizadora para a [&hellip;]<\/p>\n","protected":false},"author":1,"featured_media":871,"comment_status":"open","ping_status":"open","sticky":false,"template":"","format":"standard","meta":{"footnotes":""},"categories":[35],"tags":[],"class_list":{"0":"post-870","1":"post","2":"type-post","3":"status-publish","4":"format-standard","5":"has-post-thumbnail","7":"category-educacao"},"_links":{"self":[{"href":"https:\/\/professorlemos.com.br\/index.php?rest_route=\/wp\/v2\/posts\/870","targetHints":{"allow":["GET"]}}],"collection":[{"href":"https:\/\/professorlemos.com.br\/index.php?rest_route=\/wp\/v2\/posts"}],"about":[{"href":"https:\/\/professorlemos.com.br\/index.php?rest_route=\/wp\/v2\/types\/post"}],"author":[{"embeddable":true,"href":"https:\/\/professorlemos.com.br\/index.php?rest_route=\/wp\/v2\/users\/1"}],"replies":[{"embeddable":true,"href":"https:\/\/professorlemos.com.br\/index.php?rest_route=%2Fwp%2Fv2%2Fcomments&post=870"}],"version-history":[{"count":1,"href":"https:\/\/professorlemos.com.br\/index.php?rest_route=\/wp\/v2\/posts\/870\/revisions"}],"predecessor-version":[{"id":872,"href":"https:\/\/professorlemos.com.br\/index.php?rest_route=\/wp\/v2\/posts\/870\/revisions\/872"}],"wp:featuredmedia":[{"embeddable":true,"href":"https:\/\/professorlemos.com.br\/index.php?rest_route=\/wp\/v2\/media\/871"}],"wp:attachment":[{"href":"https:\/\/professorlemos.com.br\/index.php?rest_route=%2Fwp%2Fv2%2Fmedia&parent=870"}],"wp:term":[{"taxonomy":"category","embeddable":true,"href":"https:\/\/professorlemos.com.br\/index.php?rest_route=%2Fwp%2Fv2%2Fcategories&post=870"},{"taxonomy":"post_tag","embeddable":true,"href":"https:\/\/professorlemos.com.br\/index.php?rest_route=%2Fwp%2Fv2%2Ftags&post=870"}],"curies":[{"name":"wp","href":"https:\/\/api.w.org\/{rel}","templated":true}]}}