{"id":874,"date":"2021-02-23T18:03:06","date_gmt":"2021-02-23T21:03:06","guid":{"rendered":"http:\/\/professorlemos.com.br\/?p=874"},"modified":"2021-02-23T18:03:39","modified_gmt":"2021-02-23T21:03:39","slug":"governo-terminou-2020-com-margem-orcamentaria-e-fiscal-para-pagar-reposicao-salarial-dos-servidores-aponta-lemos","status":"publish","type":"post","link":"https:\/\/professorlemos.com.br\/?p=874","title":{"rendered":"Governo terminou 2020 com margem or\u00e7ament\u00e1ria e fiscal para pagar reposi\u00e7\u00e3o salarial dos servidores, aponta Lemos"},"content":{"rendered":"\n<p>O governo do Paran\u00e1 terminou 2020 com margem or\u00e7ament\u00e1ria e fiscal suficientes para pagar a reposi\u00e7\u00e3o salarial dos servidores p\u00fablicos, bem como implementar as progress\u00f5es e promo\u00e7\u00f5es do funcionalismo, entre outras reivindica\u00e7\u00f5es, afirmou hoje (23) o deputado Professor Lemos (PT) durante a audi\u00eancia p\u00fablica de presta\u00e7\u00e3o de contas do 3o quadrimestre de 2020 do Poder Executivo com o secret\u00e1rio da Fazenda, Ren\u00ea Garcia J\u00fanior.<\/p>\n\n\n\n<p>Lemos explicou que os resultados fiscais do Estado revelam que o Paran\u00e1 fechou 2020 com R$ 5,9 bilh\u00f5es em caixa. Ele ressaltou que o superavit \u00e9 \u201ccompat\u00edvel com os direitos dos servidores\u201d e cobrou do secret\u00e1rio da Fazenda que o governo atenda as demandas dos servidores.<\/p>\n\n\n\n<p>\u201cO Estado fechou o caixa em dezembro com R$ 5,9 bilh\u00f5es. Tirando opera\u00e7\u00f5es de cr\u00e9dito, ainda restam R$ 4,7 bilh\u00f5es sem caixa. \u00c9 um saldo muito positivo, \u00e9 20% maior do que o final de 2019. O que demonstra que a receita \u00e9 compat\u00edvel com os direitos dos servidores. A reposi\u00e7\u00e3o salarial de 1,5% que foi suspensa em janeiro poderia ser paga, e tamb\u00e9m progress\u00f5es e promo\u00e7\u00f5es de carreira de todos os servidores. Caberia dentro da conta. Tem margem financeira e margem fiscal, porque fechou o ano com 45,7% de gasto com pessoal. Quero solicitar que o governo fa\u00e7a um esfor\u00e7o para abrir di\u00e1logo com os servidores para atender as demandas. Que a gente possa restabelecer mesa de negocia\u00e7\u00e3o, para que possamos ter tranquilidade nas escolas\u201d, afirmou.<\/p>\n\n\n\n<p>O deputado lembrou o secret\u00e1rio que as perdas salariais acumuladas dos servidores chegam a 22% e que governo deve \u201colhar n\u00e3o apenas a quest\u00e3o das contas do Estado, mas para os trabalhadores, para os servidores p\u00fablicos\u201d.<\/p>\n\n\n\n<p>\u201cTudo sobe, energia, \u00e1gua, combust\u00edvel, alimentos, alugueis. N\u00f3s precisamos olhar n\u00e3o apenas a quest\u00e3o das contas do Estado, mas para os trabalhadores, os servidores p\u00fablicos, que est\u00e3o h\u00e1 muito tempo com os sal\u00e1rios defasados. J\u00e1 chega a 22% perdendo para infla\u00e7\u00e3o. Nem a infla\u00e7\u00e3o est\u00e1 sendo reposta aos servidores do Paran\u00e1, sejam civis ou militares, da ativa ou aposentados e pensionistas. \u00c9 muito importante que o governo considere isso e abra negocia\u00e7\u00e3o com os representantes dos servidores, porque neste momento estamos observando que existem limites or\u00e7ament\u00e1rios e fiscais. N\u00e3o \u00e9 fic\u00e7\u00e3o, \u00e9 real\u201d, decretou.<\/p>\n\n\n\n<p>Lemos ainda alertou o secret\u00e1rio sobre diverg\u00eancias nos dados divulgados pela Paranaprevid\u00eancia relacionados \u00e0 receita e despesa da entidade com n\u00fameros divulgados pela Sefa.<\/p>\n\n\n\n<p>\u201cA Paranaprevid\u00eancia est\u00e1 com uma diferen\u00e7a de informa\u00e7\u00f5es. Est\u00e1 registrado no balan\u00e7o or\u00e7ament\u00e1rio uma diferen\u00e7a de 10% na receita e 2% na despesa. Qual relat\u00f3rio devemos considerar para avaliar a real situa\u00e7\u00e3o da Paranaprevid\u00eancia? N\u00e3o podemos ter dois relat\u00f3rios diferentes, precisamos ter o mesmo n\u00famero\u201d, questionou.<\/p>\n","protected":false},"excerpt":{"rendered":"<p>O governo do Paran\u00e1 terminou 2020 com margem or\u00e7ament\u00e1ria e fiscal suficientes para pagar a reposi\u00e7\u00e3o salarial dos servidores p\u00fablicos, bem como implementar as progress\u00f5es e promo\u00e7\u00f5es do funcionalismo, entre outras reivindica\u00e7\u00f5es, afirmou hoje (23) o deputado Professor Lemos (PT) durante a audi\u00eancia p\u00fablica de presta\u00e7\u00e3o de contas do 3o quadrimestre de 2020 do Poder [&hellip;]<\/p>\n","protected":false},"author":1,"featured_media":875,"comment_status":"open","ping_status":"open","sticky":false,"template":"","format":"standard","meta":{"footnotes":""},"categories":[34],"tags":[],"class_list":{"0":"post-874","1":"post","2":"type-post","3":"status-publish","4":"format-standard","5":"has-post-thumbnail","7":"category-parana"},"_links":{"self":[{"href":"https:\/\/professorlemos.com.br\/index.php?rest_route=\/wp\/v2\/posts\/874","targetHints":{"allow":["GET"]}}],"collection":[{"href":"https:\/\/professorlemos.com.br\/index.php?rest_route=\/wp\/v2\/posts"}],"about":[{"href":"https:\/\/professorlemos.com.br\/index.php?rest_route=\/wp\/v2\/types\/post"}],"author":[{"embeddable":true,"href":"https:\/\/professorlemos.com.br\/index.php?rest_route=\/wp\/v2\/users\/1"}],"replies":[{"embeddable":true,"href":"https:\/\/professorlemos.com.br\/index.php?rest_route=%2Fwp%2Fv2%2Fcomments&post=874"}],"version-history":[{"count":1,"href":"https:\/\/professorlemos.com.br\/index.php?rest_route=\/wp\/v2\/posts\/874\/revisions"}],"predecessor-version":[{"id":876,"href":"https:\/\/professorlemos.com.br\/index.php?rest_route=\/wp\/v2\/posts\/874\/revisions\/876"}],"wp:featuredmedia":[{"embeddable":true,"href":"https:\/\/professorlemos.com.br\/index.php?rest_route=\/wp\/v2\/media\/875"}],"wp:attachment":[{"href":"https:\/\/professorlemos.com.br\/index.php?rest_route=%2Fwp%2Fv2%2Fmedia&parent=874"}],"wp:term":[{"taxonomy":"category","embeddable":true,"href":"https:\/\/professorlemos.com.br\/index.php?rest_route=%2Fwp%2Fv2%2Fcategories&post=874"},{"taxonomy":"post_tag","embeddable":true,"href":"https:\/\/professorlemos.com.br\/index.php?rest_route=%2Fwp%2Fv2%2Ftags&post=874"}],"curies":[{"name":"wp","href":"https:\/\/api.w.org\/{rel}","templated":true}]}}