{"id":895,"date":"2021-03-10T17:08:24","date_gmt":"2021-03-10T20:08:24","guid":{"rendered":"http:\/\/professorlemos.com.br\/?p=895"},"modified":"2021-03-10T17:21:22","modified_gmt":"2021-03-10T20:21:22","slug":"governo-do-estado-precisa-cuidar-melhor-dos-servidores-destaca-lemos","status":"publish","type":"post","link":"https:\/\/professorlemos.com.br\/?p=895","title":{"rendered":"Governo do Estado precisa cuidar melhor dos servidores, destaca Lemos"},"content":{"rendered":"\n<p>\u201cO governo do Paran\u00e1 precisa cuidar melhor dos servidores p\u00fablicos\u201d, cobrou hoje (10) o deputado Professor Lemos (PT) em discurso na Assembleia Legislativa. L\u00edder da oposi\u00e7\u00e3o, Lemos lembrou que o funcionalismo acumula perda salarial de 23% desde 2016, enquanto o custo de vida aumentou de forma acelerada no per\u00edodo, e cobrou di\u00e1logo do Poder Executivo com representantes dos servidores.<\/p>\n\n\n\n<p>\u201cOs funcion\u00e1rios do Estado est\u00e3o acumulando perda salarial h\u00e1 v\u00e1rios anos. A \u00faltima reposi\u00e7\u00e3o ainda deixou uma defasagem de 23%, isso de janeiro de 2016 em diante, porque tem perdas anteriores. Mas se olharmos o custo de vida neste per\u00edodo, aumentou muito! Aumentou a gasolina, etanol, a carne e o arroz. A cesta b\u00e1sica era R$ 356 agora \u00e9 R$ 630. Teve um aumento de 77% no mesmo per\u00edodo\u201d.<\/p>\n\n\n\n<p>O parlamentar afirmou que a pandemia do coronav\u00edrus deixou a situa\u00e7\u00e3o dos trabalhadores e trabalhadoras do servi\u00e7o p\u00fablico ainda mais dram\u00e1tica, uma vez que muitos servidores est\u00e3o precisando comprar, do pr\u00f3prio bolso, equipamentos de trabalho e de prote\u00e7\u00e3o.<\/p>\n\n\n\n<p>\u201cO custo de vida est\u00e1 muito alto e com a pandemia ficou ainda mais caro trabalhar. Os servidores est\u00e3o tendo que comprar equipamentos com seus sal\u00e1rios defasados, como computador, celular, e at\u00e9 equipamentos de prote\u00e7\u00e3o, para n\u00e3o se proteger da Covid. Isto vale para servidores da educa\u00e7\u00e3o, da sa\u00fade e da seguran\u00e7a p\u00fablica\u201d.<\/p>\n\n\n\n<p>Lemos fez um apelo para que o governo do Estado cuide e proteja os servidores e cobrou di\u00e1logo do Poder Executivo com representantes do funcionalismo.<\/p>\n\n\n\n<p>\u201c\u00c9 preciso que o governo cuide melhor dos servidores do Estado. Que pelo menos receba os servidores para uma reuni\u00e3o, para uma conversa. Precisa receber o F\u00f3rum dos Servidores. O governador nunca recebeu nenhuma representa\u00e7\u00e3o do funcionalismo, nem civil, nem militar. \u00c9 preciso proteger os trabalhadores contra a Covid. Temos muitos servidores que j\u00e1 perderam a vida e outros est\u00e3o com sequelas graves. \u00c9 poss\u00edvel fazer mais do que se fez ate agora para proteger os servidores do Estado\u201d.<\/p>\n","protected":false},"excerpt":{"rendered":"<p>\u201cO governo do Paran\u00e1 precisa cuidar melhor dos servidores p\u00fablicos\u201d, cobrou hoje (10) o deputado Professor Lemos (PT) em discurso na Assembleia Legislativa. L\u00edder da oposi\u00e7\u00e3o, Lemos lembrou que o funcionalismo acumula perda salarial de 23% desde 2016, enquanto o custo de vida aumentou de forma acelerada no per\u00edodo, e cobrou di\u00e1logo do Poder Executivo [&hellip;]<\/p>\n","protected":false},"author":1,"featured_media":897,"comment_status":"open","ping_status":"open","sticky":false,"template":"","format":"standard","meta":{"footnotes":""},"categories":[36],"tags":[],"class_list":{"0":"post-895","1":"post","2":"type-post","3":"status-publish","4":"format-standard","5":"has-post-thumbnail","7":"category-servidores-publicos"},"_links":{"self":[{"href":"https:\/\/professorlemos.com.br\/index.php?rest_route=\/wp\/v2\/posts\/895","targetHints":{"allow":["GET"]}}],"collection":[{"href":"https:\/\/professorlemos.com.br\/index.php?rest_route=\/wp\/v2\/posts"}],"about":[{"href":"https:\/\/professorlemos.com.br\/index.php?rest_route=\/wp\/v2\/types\/post"}],"author":[{"embeddable":true,"href":"https:\/\/professorlemos.com.br\/index.php?rest_route=\/wp\/v2\/users\/1"}],"replies":[{"embeddable":true,"href":"https:\/\/professorlemos.com.br\/index.php?rest_route=%2Fwp%2Fv2%2Fcomments&post=895"}],"version-history":[{"count":1,"href":"https:\/\/professorlemos.com.br\/index.php?rest_route=\/wp\/v2\/posts\/895\/revisions"}],"predecessor-version":[{"id":896,"href":"https:\/\/professorlemos.com.br\/index.php?rest_route=\/wp\/v2\/posts\/895\/revisions\/896"}],"wp:featuredmedia":[{"embeddable":true,"href":"https:\/\/professorlemos.com.br\/index.php?rest_route=\/wp\/v2\/media\/897"}],"wp:attachment":[{"href":"https:\/\/professorlemos.com.br\/index.php?rest_route=%2Fwp%2Fv2%2Fmedia&parent=895"}],"wp:term":[{"taxonomy":"category","embeddable":true,"href":"https:\/\/professorlemos.com.br\/index.php?rest_route=%2Fwp%2Fv2%2Fcategories&post=895"},{"taxonomy":"post_tag","embeddable":true,"href":"https:\/\/professorlemos.com.br\/index.php?rest_route=%2Fwp%2Fv2%2Ftags&post=895"}],"curies":[{"name":"wp","href":"https:\/\/api.w.org\/{rel}","templated":true}]}}