{"id":898,"date":"2021-03-15T17:45:13","date_gmt":"2021-03-15T20:45:13","guid":{"rendered":"http:\/\/professorlemos.com.br\/?p=898"},"modified":"2021-03-15T17:50:27","modified_gmt":"2021-03-15T20:50:27","slug":"lemos-destaca-30-anos-do-movimento-dos-atingidos-por-barragens","status":"publish","type":"post","link":"https:\/\/professorlemos.com.br\/?p=898","title":{"rendered":"Lemos destaca 30 anos do Movimento dos Atingidos por Barragens"},"content":{"rendered":"\n<p>L\u00edder da oposi\u00e7\u00e3o na Assembleia Legislativa, o deputado Professor Lemos (PT) destacou hoje (15) os 30 anos de funda\u00e7\u00e3o do Movimento dos Atingidos por Barragens (MAB).<\/p>\n\n\n\n<p>\u201cQuero render homenagens a este movimento t\u00e3o importante, t\u00e3o necess\u00e1rio. O MAB unificou os v\u00e1rios movimentos e comiss\u00f5es de atingidos por barragens no Brasil, reuniu todas as entidades, lideran\u00e7as que estavam organizadas de modo regional, e faz um movimento de car\u00e1ter nacional. Desde a funda\u00e7\u00e3o, tem sido muito importante nas lutas de trabalhadores e trabalhadoras atingidos por barragens\u201d, disse Lemos.<\/p>\n\n\n\n<p>O deputado destacou a import\u00e2ncia do MAB na defesa de milhares de brasileiros impactados diretamente por constru\u00e7\u00f5es de usinas hidrel\u00e9tricas, como em Sobradinho, que expulsou sem indeniza\u00e7\u00e3o 72 mil pessoas, e Itapaica. Ele tamb\u00e9m lembrou da import\u00e2ncia dos atingidos por barragens na funda\u00e7\u00e3o do MST na regi\u00e3o oeste do Paran\u00e1.<\/p>\n\n\n\n<p>\u201cAt\u00e9 hoje temos fam\u00edlias perambulando, pessoas que ficaram no preju\u00edzo com a constru\u00e7\u00e3o de Itaipu, como a na\u00e7\u00e3o Guarani. Os guaranis est\u00e3o at\u00e9 hoje acampados, n\u00e3o t\u00eam ainda o restabelecimento das suas aldeias. Eu vi nascer no oeste do Paran\u00e1 o MST, fruto da falta de considera\u00e7\u00e3o, de respeito do Estado brasileiro com os atingidos. Boa parte do trabalhadores e trabalhadoras do MST em 1984 vinham justamente dos atingidos por barragens\u201d.<\/p>\n\n\n\n<p>Lemos defendeu ainda a aprova\u00e7\u00e3o do projeto de lei 605\/2016, que institui a Pol\u00edtica de Desenvolvimento de Regi\u00f5es Afetadas por Empreendimentos El\u00e9tricos e a Pol\u00edtica Estadual dos Atingidos por Empreendimentos El\u00e9tricos no Paran\u00e1.<\/p>\n\n\n\n<p>\u201cEm 2016, por sugest\u00e3o do MAB, apresentamos um projeto que institui a Pol\u00edtica de Desenvolvimento de Regi\u00f5es Afetadas por Empreendimentos El\u00e9tricos e a Pol\u00edtica Estadual dos Atingidos por Empreendimentos El\u00e9tricos no Paran\u00e1. \u00c9 uma proposta muito importante, baseada em experi\u00eancias j\u00e1 acumuladas de outros Estados. Porque n\u00e3o \u00e9 s\u00f3 cuidar daqueles que foram diretamente atingidos, mas cuidar tamb\u00e9m das v\u00edtimas indiretas. Este projeto precisa vir a plen\u00e1rio para ser votado e aprovado.\u201d<\/p>\n","protected":false},"excerpt":{"rendered":"<p>L\u00edder da oposi\u00e7\u00e3o na Assembleia Legislativa, o deputado Professor Lemos (PT) destacou hoje (15) os 30 anos de funda\u00e7\u00e3o do Movimento dos Atingidos por Barragens (MAB). \u201cQuero render homenagens a este movimento t\u00e3o importante, t\u00e3o necess\u00e1rio. O MAB unificou os v\u00e1rios movimentos e comiss\u00f5es de atingidos por barragens no Brasil, reuniu todas as entidades, lideran\u00e7as [&hellip;]<\/p>\n","protected":false},"author":1,"featured_media":899,"comment_status":"open","ping_status":"open","sticky":false,"template":"","format":"standard","meta":{"footnotes":""},"categories":[39,1],"tags":[],"class_list":{"0":"post-898","1":"post","2":"type-post","3":"status-publish","4":"format-standard","5":"has-post-thumbnail","7":"category-direitos-humanos","8":"category-sem-categoria"},"_links":{"self":[{"href":"https:\/\/professorlemos.com.br\/index.php?rest_route=\/wp\/v2\/posts\/898","targetHints":{"allow":["GET"]}}],"collection":[{"href":"https:\/\/professorlemos.com.br\/index.php?rest_route=\/wp\/v2\/posts"}],"about":[{"href":"https:\/\/professorlemos.com.br\/index.php?rest_route=\/wp\/v2\/types\/post"}],"author":[{"embeddable":true,"href":"https:\/\/professorlemos.com.br\/index.php?rest_route=\/wp\/v2\/users\/1"}],"replies":[{"embeddable":true,"href":"https:\/\/professorlemos.com.br\/index.php?rest_route=%2Fwp%2Fv2%2Fcomments&post=898"}],"version-history":[{"count":1,"href":"https:\/\/professorlemos.com.br\/index.php?rest_route=\/wp\/v2\/posts\/898\/revisions"}],"predecessor-version":[{"id":900,"href":"https:\/\/professorlemos.com.br\/index.php?rest_route=\/wp\/v2\/posts\/898\/revisions\/900"}],"wp:featuredmedia":[{"embeddable":true,"href":"https:\/\/professorlemos.com.br\/index.php?rest_route=\/wp\/v2\/media\/899"}],"wp:attachment":[{"href":"https:\/\/professorlemos.com.br\/index.php?rest_route=%2Fwp%2Fv2%2Fmedia&parent=898"}],"wp:term":[{"taxonomy":"category","embeddable":true,"href":"https:\/\/professorlemos.com.br\/index.php?rest_route=%2Fwp%2Fv2%2Fcategories&post=898"},{"taxonomy":"post_tag","embeddable":true,"href":"https:\/\/professorlemos.com.br\/index.php?rest_route=%2Fwp%2Fv2%2Ftags&post=898"}],"curies":[{"name":"wp","href":"https:\/\/api.w.org\/{rel}","templated":true}]}}