{"id":901,"date":"2021-03-16T13:12:31","date_gmt":"2021-03-16T16:12:31","guid":{"rendered":"http:\/\/professorlemos.com.br\/?p=901"},"modified":"2021-03-16T13:12:33","modified_gmt":"2021-03-16T16:12:33","slug":"parana-por-vacina-ja","status":"publish","type":"post","link":"https:\/\/professorlemos.com.br\/?p=901","title":{"rendered":"Paran\u00e1 por vacina j\u00e1!"},"content":{"rendered":"\n<p>A crise sanit\u00e1ria ocasionada pela pandemia da Covid-19 chegou ao auge no Paran\u00e1. Com ocupa\u00e7\u00e3o de leitos acima de 90% e a maior fila de espera do pa\u00eds, com 1.300 pacientes, ambul\u00e2ncias se acumulam em frente aos hospitais. Munic\u00edpios j\u00e1 alertam sobre o risco de desabastecimento de rem\u00e9dios para intuba\u00e7\u00e3o e cilindros de oxig\u00eanio.<\/p>\n\n\n\n<p>Com 758 mil casos at\u00e9 o momento, o Paran\u00e1 registrou, no 1\u00ba ano da pandemia, um caso a cada 42 segundos e uma morte a cada 40 minutos. As medidas restritivas para conter o avan\u00e7o da crise sanit\u00e1ria chegaram tarde e s\u00e3o brandas. Infelizmente, n\u00e3o vemos iniciativa do Governo Federal e Governo Estadual para contornar a situa\u00e7\u00e3o.<\/p>\n\n\n\n<p>O governador Ratinho Junior foi um dos poucos governadores do pa\u00eds a n\u00e3o assinar o Pacto Nacional pela Vida e pela Sa\u00fade, documento em que os chefes do Executivo estadual defendem a expans\u00e3o da vacina\u00e7\u00e3o, o apoio a medidas restritivas e suporte aos Estados para manuten\u00e7\u00e3o e amplia\u00e7\u00e3o de leitos.<\/p>\n\n\n\n<p>Em agosto de 2020, o governo do Paran\u00e1 assinava um Memorando de Entendimento com o Fundo Russo de Investimentos Diretos (RDIF) para aquisi\u00e7\u00e3o e produ\u00e7\u00e3o da vacina Sputinik V em terras paranaenses. Ap\u00f3s alguns meses, vimos esse acordo naufragar. Sem explicar os motivos, o governador informou que o acordo \u201cn\u00e3o foi para frente\u201d. Hoje, o Estado se encontra \u00e0 merc\u00ea do Governo Federal para recebimento de novas doses.<\/p>\n\n\n\n<p>No in\u00edcio de mar\u00e7o, o cons\u00f3rcio municipal de prefeitos para compra direta de vacinas contra a Covid-19 teve ades\u00e3o de 250 das 399 prefeituras do Paran\u00e1. A exemplo do cons\u00f3rcio de governadores da Regi\u00e3o Nordeste, que adquiriu 37 milh\u00f5es de doses da vacina Sputinik V, acreditamos que seja uma sa\u00edda poss\u00edvel para o Paran\u00e1 pleitear junto ao Fundo Russo a aquisi\u00e7\u00e3o das vacinas.<\/p>\n\n\n\n<p>Conclamamos os munic\u00edpios do Paran\u00e1 para que se unam na busca da imuniza\u00e7\u00e3o de toda popula\u00e7\u00e3o paranaense. O nosso maior interesse \u00e9 salvar vidas e \u00e9 miss\u00e3o de todos os governantes municipais conter o avan\u00e7o do cononav\u00edrus no estado.<\/p>\n\n\n\n<p><strong>Vacina para todos e todas j\u00e1!<\/strong><\/p>\n\n\n\n<p><em>Bancada de Deputados Federais e Estaduais do PT-PR: Gleisi Hoffmann, Enio Verri, Zeca Dirceu, Arilson Chiorato, Luciana Rafagnin, Professor Lemos e Tadeu Veneri.<\/em><\/p>\n","protected":false},"excerpt":{"rendered":"<p>A crise sanit\u00e1ria ocasionada pela pandemia da Covid-19 chegou ao auge no Paran\u00e1. Com ocupa\u00e7\u00e3o de leitos acima de 90% e a maior fila de espera do pa\u00eds, com 1.300 pacientes, ambul\u00e2ncias se acumulam em frente aos hospitais. Munic\u00edpios j\u00e1 alertam sobre o risco de desabastecimento de rem\u00e9dios para intuba\u00e7\u00e3o e cilindros de oxig\u00eanio. Com [&hellip;]<\/p>\n","protected":false},"author":1,"featured_media":902,"comment_status":"open","ping_status":"open","sticky":false,"template":"","format":"standard","meta":{"footnotes":""},"categories":[39],"tags":[],"class_list":{"0":"post-901","1":"post","2":"type-post","3":"status-publish","4":"format-standard","5":"has-post-thumbnail","7":"category-direitos-humanos"},"_links":{"self":[{"href":"https:\/\/professorlemos.com.br\/index.php?rest_route=\/wp\/v2\/posts\/901","targetHints":{"allow":["GET"]}}],"collection":[{"href":"https:\/\/professorlemos.com.br\/index.php?rest_route=\/wp\/v2\/posts"}],"about":[{"href":"https:\/\/professorlemos.com.br\/index.php?rest_route=\/wp\/v2\/types\/post"}],"author":[{"embeddable":true,"href":"https:\/\/professorlemos.com.br\/index.php?rest_route=\/wp\/v2\/users\/1"}],"replies":[{"embeddable":true,"href":"https:\/\/professorlemos.com.br\/index.php?rest_route=%2Fwp%2Fv2%2Fcomments&post=901"}],"version-history":[{"count":1,"href":"https:\/\/professorlemos.com.br\/index.php?rest_route=\/wp\/v2\/posts\/901\/revisions"}],"predecessor-version":[{"id":903,"href":"https:\/\/professorlemos.com.br\/index.php?rest_route=\/wp\/v2\/posts\/901\/revisions\/903"}],"wp:featuredmedia":[{"embeddable":true,"href":"https:\/\/professorlemos.com.br\/index.php?rest_route=\/wp\/v2\/media\/902"}],"wp:attachment":[{"href":"https:\/\/professorlemos.com.br\/index.php?rest_route=%2Fwp%2Fv2%2Fmedia&parent=901"}],"wp:term":[{"taxonomy":"category","embeddable":true,"href":"https:\/\/professorlemos.com.br\/index.php?rest_route=%2Fwp%2Fv2%2Fcategories&post=901"},{"taxonomy":"post_tag","embeddable":true,"href":"https:\/\/professorlemos.com.br\/index.php?rest_route=%2Fwp%2Fv2%2Ftags&post=901"}],"curies":[{"name":"wp","href":"https:\/\/api.w.org\/{rel}","templated":true}]}}