{"id":931,"date":"2021-04-05T17:43:03","date_gmt":"2021-04-05T20:43:03","guid":{"rendered":"http:\/\/professorlemos.com.br\/?p=931"},"modified":"2021-04-05T17:43:27","modified_gmt":"2021-04-05T20:43:27","slug":"e-preciso-acabar-com-a-criminalizacao-dos-movimentos-sociais-destaca-lemos","status":"publish","type":"post","link":"https:\/\/professorlemos.com.br\/?p=931","title":{"rendered":"\u00c9 preciso acabar com a criminaliza\u00e7\u00e3o dos movimentos sociais, destaca Lemos"},"content":{"rendered":"\n<p>O deputado Professor Lemos (PT), l\u00edder da oposi\u00e7\u00e3o na Assembleia Legislativa, destacou hoje (5) O Dia Estadual de Luta contra a Criminaliza\u00e7\u00e3o dos Movimentos Sociais. Lemos enalteceu a import\u00e2ncia dos movimentos sociais, urbanos ou rurais, para a constru\u00e7\u00e3o de uma sociedade mais justa e disse que a sociedade precisa estar unida e mobilizada contra a criminaliza\u00e7\u00e3o dos movimentos.<\/p>\n\n\n\n<p>\u201cOs movimentos sociais s\u00e3o muito importantes, especialmente nesta pandemia. Eles t\u00eam tido uma desenvoltura na defesa de quem mais precisa, fazendo um trabalho solid\u00e1rio e muito importante, sejam os movimentos sociais urbanos ou campesinos. Estamos nos mobilizando para que se acabe com a criminaliza\u00e7\u00e3o dos movimentos sociais, pois eles fazem a diferen\u00e7a para quem de fato precisa de Justi\u00e7a. Os movimentos sociais constroem uma sociedade em que todos possam viver com dignidade\u201d, disse.<\/p>\n\n\n\n<p>O projeto de lei que instituiu o dia 5 de abril como o Dia Estadual de Luta contra a Criminaliza\u00e7\u00e3o dos Movimentos Sociais foi apresentado por Lemos em 2015 e aprovado pela Assembleia em fevereiro deste ano. Foi sancionado como Lei 20509\/21.<\/p>\n","protected":false},"excerpt":{"rendered":"<p>O deputado Professor Lemos (PT), l\u00edder da oposi\u00e7\u00e3o na Assembleia Legislativa, destacou hoje (5) O Dia Estadual de Luta contra a Criminaliza\u00e7\u00e3o dos Movimentos Sociais. Lemos enalteceu a import\u00e2ncia dos movimentos sociais, urbanos ou rurais, para a constru\u00e7\u00e3o de uma sociedade mais justa e disse que a sociedade precisa estar unida e mobilizada contra a [&hellip;]<\/p>\n","protected":false},"author":1,"featured_media":932,"comment_status":"open","ping_status":"open","sticky":false,"template":"","format":"standard","meta":{"footnotes":""},"categories":[39,1],"tags":[],"class_list":{"0":"post-931","1":"post","2":"type-post","3":"status-publish","4":"format-standard","5":"has-post-thumbnail","7":"category-direitos-humanos","8":"category-sem-categoria"},"_links":{"self":[{"href":"https:\/\/professorlemos.com.br\/index.php?rest_route=\/wp\/v2\/posts\/931","targetHints":{"allow":["GET"]}}],"collection":[{"href":"https:\/\/professorlemos.com.br\/index.php?rest_route=\/wp\/v2\/posts"}],"about":[{"href":"https:\/\/professorlemos.com.br\/index.php?rest_route=\/wp\/v2\/types\/post"}],"author":[{"embeddable":true,"href":"https:\/\/professorlemos.com.br\/index.php?rest_route=\/wp\/v2\/users\/1"}],"replies":[{"embeddable":true,"href":"https:\/\/professorlemos.com.br\/index.php?rest_route=%2Fwp%2Fv2%2Fcomments&post=931"}],"version-history":[{"count":1,"href":"https:\/\/professorlemos.com.br\/index.php?rest_route=\/wp\/v2\/posts\/931\/revisions"}],"predecessor-version":[{"id":933,"href":"https:\/\/professorlemos.com.br\/index.php?rest_route=\/wp\/v2\/posts\/931\/revisions\/933"}],"wp:featuredmedia":[{"embeddable":true,"href":"https:\/\/professorlemos.com.br\/index.php?rest_route=\/wp\/v2\/media\/932"}],"wp:attachment":[{"href":"https:\/\/professorlemos.com.br\/index.php?rest_route=%2Fwp%2Fv2%2Fmedia&parent=931"}],"wp:term":[{"taxonomy":"category","embeddable":true,"href":"https:\/\/professorlemos.com.br\/index.php?rest_route=%2Fwp%2Fv2%2Fcategories&post=931"},{"taxonomy":"post_tag","embeddable":true,"href":"https:\/\/professorlemos.com.br\/index.php?rest_route=%2Fwp%2Fv2%2Ftags&post=931"}],"curies":[{"name":"wp","href":"https:\/\/api.w.org\/{rel}","templated":true}]}}