{"id":937,"date":"2021-04-13T14:42:25","date_gmt":"2021-04-13T17:42:25","guid":{"rendered":"http:\/\/professorlemos.com.br\/?p=937"},"modified":"2021-04-13T14:42:28","modified_gmt":"2021-04-13T17:42:28","slug":"preocupados-com-o-aumento-no-risco-de-contaminacao-por-covid-deputados-saem-em-defesa-de-trabalhadores-da-repar","status":"publish","type":"post","link":"https:\/\/professorlemos.com.br\/?p=937","title":{"rendered":"Preocupados com o aumento no risco de contamina\u00e7\u00e3o por Covid, deputados saem em defesa de trabalhadores da Repar"},"content":{"rendered":"\n<p>Preocupado com o aumento no risco de contamina\u00e7\u00e3o por Covid e morte de trabalhadores e trabalhadoras da Repar (Refinaria Presidente Get\u00falio Vargas), de Arauc\u00e1ria, em raz\u00e3o da realiza\u00e7\u00e3o de uma parada de manuten\u00e7\u00e3o da refinaria, que vai adicionar cerca de 2 mil novos funcion\u00e1rios na rotina da unidade, o l\u00edder da oposi\u00e7\u00e3o, o deputado Professor Lemos (PT) cobrou \u201csensibilidade\u201d da Petrobras e destacou que o momento \u00e9 de proteger a vida.<\/p>\n\n\n\n<p>\u201c\u00c9 um momento de defesa da vida. A parada de manuten\u00e7\u00e3o da Repar preocupa muito. A Repar pode suspender esta parada, pode fazer depois da pandemia. A Petrobras est\u00e1 trazendo 2 mil trabalhadores de outros estados para morar temporariamente, at\u00e9 junho ou julho, na regi\u00e3o metropolitana de Curitiba, para executar este servi\u00e7o. Mas esta manuten\u00e7\u00e3o pode ser protelada para depois da pandemia, para depois da vacina\u00e7\u00e3o da popula\u00e7\u00e3o. Isso \u00e9 proteger vidas. Vamos solicitar que a parada de manuten\u00e7\u00e3o seja suspensa. \u00c9 importante ter sensibilidade por parte da Petrobras, por parte da Repar, para que atenda o pleito dos trabalhadores\u201d.<\/p>\n","protected":false},"excerpt":{"rendered":"<p>Preocupado com o aumento no risco de contamina\u00e7\u00e3o por Covid e morte de trabalhadores e trabalhadoras da Repar (Refinaria Presidente Get\u00falio Vargas), de Arauc\u00e1ria, em raz\u00e3o da realiza\u00e7\u00e3o de uma parada de manuten\u00e7\u00e3o da refinaria, que vai adicionar cerca de 2 mil novos funcion\u00e1rios na rotina da unidade, o l\u00edder da oposi\u00e7\u00e3o, o deputado Professor [&hellip;]<\/p>\n","protected":false},"author":1,"featured_media":938,"comment_status":"open","ping_status":"open","sticky":false,"template":"","format":"standard","meta":{"footnotes":""},"categories":[34],"tags":[],"class_list":{"0":"post-937","1":"post","2":"type-post","3":"status-publish","4":"format-standard","5":"has-post-thumbnail","7":"category-parana"},"_links":{"self":[{"href":"https:\/\/professorlemos.com.br\/index.php?rest_route=\/wp\/v2\/posts\/937","targetHints":{"allow":["GET"]}}],"collection":[{"href":"https:\/\/professorlemos.com.br\/index.php?rest_route=\/wp\/v2\/posts"}],"about":[{"href":"https:\/\/professorlemos.com.br\/index.php?rest_route=\/wp\/v2\/types\/post"}],"author":[{"embeddable":true,"href":"https:\/\/professorlemos.com.br\/index.php?rest_route=\/wp\/v2\/users\/1"}],"replies":[{"embeddable":true,"href":"https:\/\/professorlemos.com.br\/index.php?rest_route=%2Fwp%2Fv2%2Fcomments&post=937"}],"version-history":[{"count":1,"href":"https:\/\/professorlemos.com.br\/index.php?rest_route=\/wp\/v2\/posts\/937\/revisions"}],"predecessor-version":[{"id":940,"href":"https:\/\/professorlemos.com.br\/index.php?rest_route=\/wp\/v2\/posts\/937\/revisions\/940"}],"wp:featuredmedia":[{"embeddable":true,"href":"https:\/\/professorlemos.com.br\/index.php?rest_route=\/wp\/v2\/media\/938"}],"wp:attachment":[{"href":"https:\/\/professorlemos.com.br\/index.php?rest_route=%2Fwp%2Fv2%2Fmedia&parent=937"}],"wp:term":[{"taxonomy":"category","embeddable":true,"href":"https:\/\/professorlemos.com.br\/index.php?rest_route=%2Fwp%2Fv2%2Fcategories&post=937"},{"taxonomy":"post_tag","embeddable":true,"href":"https:\/\/professorlemos.com.br\/index.php?rest_route=%2Fwp%2Fv2%2Ftags&post=937"}],"curies":[{"name":"wp","href":"https:\/\/api.w.org\/{rel}","templated":true}]}}