{"id":947,"date":"2021-04-19T17:54:57","date_gmt":"2021-04-19T20:54:57","guid":{"rendered":"http:\/\/professorlemos.com.br\/?p=947"},"modified":"2021-04-19T17:56:55","modified_gmt":"2021-04-19T20:56:55","slug":"lemos-destaca-importancia-da-reforma-agraria-para-o-parana","status":"publish","type":"post","link":"https:\/\/professorlemos.com.br\/?p=947","title":{"rendered":"Lemos destaca import\u00e2ncia da reforma agr\u00e1ria para o Paran\u00e1"},"content":{"rendered":"\n<p>\u201cA reforma agr\u00e1ria \u00e9 necess\u00e1ria e importante para o Paran\u00e1 e para o Brasil\u201d, afirmou hoje (19) o deputado Professor Lemos (PT) na Assembleia Legislativa. Por ocasi\u00e3o da Semana Estadual da Reforma Agr\u00e1ria, realizada anualmente na semana do dia 17 de abril, o deputado enalteceu a reforma agr\u00e1ria como instrumento fundamental para promover o desenvolvimento econ\u00f4mico e social do Estado e destacou que \u00e9 preciso valorizar os trabalhadores e trabalhadoras do campo.<\/p>\n\n\n\n<p>\u201cA semana passada foi a Semana Estadual da Reforma Agr\u00e1ria, inclusive uma lei de nossa autoria instituiu a data aqui no Paran\u00e1, combinando com o Dia Internacional de Luta pela Terra, e tamb\u00e9m com o Dia Nacional da Reforma Agr\u00e1ria. A reforma agr\u00e1ria tem feito a diferen\u00e7a a favor da produ\u00e7\u00e3o de alimentos saud\u00e1veis, gerando emprego, renda e fazendo com que chegue na mesa dos brasileiros alimentos sem veneno\u201d, disse Lemos.<\/p>\n\n\n\n<p>Entre os munic\u00edpios paranaenses que tiveram um forte impacto positivo em raz\u00e3o da reforma agr\u00e1ria, o parlamentar destacou Rio Bonito do Igua\u00e7u, Quer\u00eancia do Norte, Congonhinhas, Goioxim, Santa Maria do Oeste, Renascen\u00e7a, Centen\u00e1rio do Sul.<\/p>\n\n\n\n<p>\u201cAqui no Paran\u00e1 temos o munic\u00edpio de Rio Bonito do Igua\u00e7u, que tem tr\u00eas assentamentos. A reforma agr\u00e1ria revolucionou o munic\u00edpio economicamente e socialmente, gerando emprego, renda, no campo e na cidade. No Paran\u00e1, temos mais de 330 assentamentos, mais de 70 acampamentos, 23 cooperativas, 60 agroind\u00fastrias, mais de 50 produtos sendo industrializados, destacando pelo menos quatro latic\u00ednios de grande porte. No meio ambiente, mais de 80 mil hectares de reserva legal, mais do que todos os parques ambientais que o Paran\u00e1 tem somados\u201d.<\/p>\n\n\n\n<p>O deputado ainda enalteceu a solidariedade dos produtores rurais da reforma agr\u00e1ria do Paran\u00e1 neste momento de pandemia.<\/p>\n\n\n\n<p>\u201cA reforma agr\u00e1ria produz para si, para vender e para fazer solidariedade. Mais de 600 toneladas de alimentos j\u00e1 foram doados no Paran\u00e1 \u00e0s fam\u00edlias de baixa renda que precisam de alimentos, inclusive por conta da pandemia que traz preju\u00edzos muito grande para todos, mas especialmente para as fam\u00edlias de baixa renda. E a\u00ed a reforma agr\u00e1ria fazendo a diferen\u00e7a, fazendo a solidariedade. A reforma agr\u00e1ria \u00e9 necess\u00e1ria, \u00e9 importante!\u201d.<\/p>\n\n\n\n<figure class=\"wp-block-video\"><video height=\"360\" style=\"aspect-ratio: 640 \/ 360;\" width=\"640\" controls src=\"http:\/\/professorlemos.com.br\/wp-content\/uploads\/2021\/04\/REFORMAAGRARIA.mp4\"><\/video><\/figure>\n\n\n\n<p><\/p>\n\n\n\n<p>#MandatoLemos #ProfessorLemosn\u00e3opara #Lemossemprepresente #AbrilVermelho #TodosPelaReformaAgr\u00e1ria #MSTPR #MST #QuarentenaSemTerra #QuarentenaProdutiva<\/p>\n","protected":false},"excerpt":{"rendered":"<p>\u201cA reforma agr\u00e1ria \u00e9 necess\u00e1ria e importante para o Paran\u00e1 e para o Brasil\u201d, afirmou hoje (19) o deputado Professor Lemos (PT) na Assembleia Legislativa. Por ocasi\u00e3o da Semana Estadual da Reforma Agr\u00e1ria, realizada anualmente na semana do dia 17 de abril, o deputado enalteceu a reforma agr\u00e1ria como instrumento fundamental para promover o desenvolvimento [&hellip;]<\/p>\n","protected":false},"author":1,"featured_media":815,"comment_status":"open","ping_status":"open","sticky":false,"template":"","format":"standard","meta":{"footnotes":""},"categories":[39],"tags":[],"class_list":{"0":"post-947","1":"post","2":"type-post","3":"status-publish","4":"format-standard","5":"has-post-thumbnail","7":"category-direitos-humanos"},"_links":{"self":[{"href":"https:\/\/professorlemos.com.br\/index.php?rest_route=\/wp\/v2\/posts\/947","targetHints":{"allow":["GET"]}}],"collection":[{"href":"https:\/\/professorlemos.com.br\/index.php?rest_route=\/wp\/v2\/posts"}],"about":[{"href":"https:\/\/professorlemos.com.br\/index.php?rest_route=\/wp\/v2\/types\/post"}],"author":[{"embeddable":true,"href":"https:\/\/professorlemos.com.br\/index.php?rest_route=\/wp\/v2\/users\/1"}],"replies":[{"embeddable":true,"href":"https:\/\/professorlemos.com.br\/index.php?rest_route=%2Fwp%2Fv2%2Fcomments&post=947"}],"version-history":[{"count":1,"href":"https:\/\/professorlemos.com.br\/index.php?rest_route=\/wp\/v2\/posts\/947\/revisions"}],"predecessor-version":[{"id":949,"href":"https:\/\/professorlemos.com.br\/index.php?rest_route=\/wp\/v2\/posts\/947\/revisions\/949"}],"wp:featuredmedia":[{"embeddable":true,"href":"https:\/\/professorlemos.com.br\/index.php?rest_route=\/wp\/v2\/media\/815"}],"wp:attachment":[{"href":"https:\/\/professorlemos.com.br\/index.php?rest_route=%2Fwp%2Fv2%2Fmedia&parent=947"}],"wp:term":[{"taxonomy":"category","embeddable":true,"href":"https:\/\/professorlemos.com.br\/index.php?rest_route=%2Fwp%2Fv2%2Fcategories&post=947"},{"taxonomy":"post_tag","embeddable":true,"href":"https:\/\/professorlemos.com.br\/index.php?rest_route=%2Fwp%2Fv2%2Ftags&post=947"}],"curies":[{"name":"wp","href":"https:\/\/api.w.org\/{rel}","templated":true}]}}