{"id":969,"date":"2021-05-18T18:00:40","date_gmt":"2021-05-18T21:00:40","guid":{"rendered":"http:\/\/professorlemos.com.br\/?p=969"},"modified":"2021-05-18T18:00:49","modified_gmt":"2021-05-18T21:00:49","slug":"lemos-repudia-politica-de-fechamento-de-escolas-do-governo-ratinho-jr","status":"publish","type":"post","link":"https:\/\/professorlemos.com.br\/?p=969","title":{"rendered":"Lemos repudia pol\u00edtica de fechamento de escolas do governo Ratinho Jr."},"content":{"rendered":"\n<p>\u201cEsta pol\u00edtica de fechar escolas est\u00e1 errada! \u00c9 preciso abrir escolas, e n\u00e3o fechar!\u201d, destacou hoje (18) o deputado Professor Lemos (PT), em discurso na Assembleia Legislativa (Alep). O deputado ressaltou que nos \u00faltimos dias a secretaria de Educa\u00e7\u00e3o determinou o fechamento de mais uma escola, o Col\u00e9gio Estadual Colombo, de ensino m\u00e9dio e fundamental, localizado na comunidade de Ro\u00e7a Grande, em Colombo.<\/p>\n\n\n\n<p>\u201cA popula\u00e7\u00e3o est\u00e1 revoltada. O secret\u00e1rio da Educa\u00e7\u00e3o determinou o fechamento do col\u00e9gio, que foi aberto em 2011, que tem muitos estudantes, inclusive alunos especiais. A comunidade n\u00e3o concorda com o fechamento! Colombo \u00e9 um munic\u00edpio que cresce acima de m\u00e9dia estadual, acima da m\u00e9dia nacional. Tem toda raz\u00e3o a popula\u00e7\u00e3o de Colombo, que n\u00e3o quer o fechamento deste col\u00e9gio\u201d.<\/p>\n\n\n\n<p>L\u00edder da oposi\u00e7\u00e3o na Alep, Lemos repudiou a pol\u00edtica de fechamento de escolas do governo Ratinho Jr.<\/p>\n\n\n\n<p>\u201cEsta pol\u00edtica de fechar escolas est\u00e1 errada. A popula\u00e7\u00e3o precisa das escolas que est\u00e3o abertas. Neste caso, o pretexto do governo \u00e9 que o pr\u00e9dio da escola \u00e9 alugado, apresentou problemas, e o Estado n\u00e3o quer mais pagar o aluguel. Como n\u00e3o tem outro pr\u00e9dio para abrigar a escola nesta comunidade, a proposta \u00e9 fechar! Ora, o governo deve construir escolas para acolher os estudantes. \u00c9 preciso abrir escolas, e n\u00e3o fechar!\u201d<\/p>\n","protected":false},"excerpt":{"rendered":"<p>\u201cEsta pol\u00edtica de fechar escolas est\u00e1 errada! \u00c9 preciso abrir escolas, e n\u00e3o fechar!\u201d, destacou hoje (18) o deputado Professor Lemos (PT), em discurso na Assembleia Legislativa (Alep). O deputado ressaltou que nos \u00faltimos dias a secretaria de Educa\u00e7\u00e3o determinou o fechamento de mais uma escola, o Col\u00e9gio Estadual Colombo, de ensino m\u00e9dio e fundamental, [&hellip;]<\/p>\n","protected":false},"author":1,"featured_media":970,"comment_status":"open","ping_status":"open","sticky":false,"template":"","format":"standard","meta":{"footnotes":""},"categories":[35],"tags":[],"class_list":{"0":"post-969","1":"post","2":"type-post","3":"status-publish","4":"format-standard","5":"has-post-thumbnail","7":"category-educacao"},"_links":{"self":[{"href":"https:\/\/professorlemos.com.br\/index.php?rest_route=\/wp\/v2\/posts\/969","targetHints":{"allow":["GET"]}}],"collection":[{"href":"https:\/\/professorlemos.com.br\/index.php?rest_route=\/wp\/v2\/posts"}],"about":[{"href":"https:\/\/professorlemos.com.br\/index.php?rest_route=\/wp\/v2\/types\/post"}],"author":[{"embeddable":true,"href":"https:\/\/professorlemos.com.br\/index.php?rest_route=\/wp\/v2\/users\/1"}],"replies":[{"embeddable":true,"href":"https:\/\/professorlemos.com.br\/index.php?rest_route=%2Fwp%2Fv2%2Fcomments&post=969"}],"version-history":[{"count":1,"href":"https:\/\/professorlemos.com.br\/index.php?rest_route=\/wp\/v2\/posts\/969\/revisions"}],"predecessor-version":[{"id":971,"href":"https:\/\/professorlemos.com.br\/index.php?rest_route=\/wp\/v2\/posts\/969\/revisions\/971"}],"wp:featuredmedia":[{"embeddable":true,"href":"https:\/\/professorlemos.com.br\/index.php?rest_route=\/wp\/v2\/media\/970"}],"wp:attachment":[{"href":"https:\/\/professorlemos.com.br\/index.php?rest_route=%2Fwp%2Fv2%2Fmedia&parent=969"}],"wp:term":[{"taxonomy":"category","embeddable":true,"href":"https:\/\/professorlemos.com.br\/index.php?rest_route=%2Fwp%2Fv2%2Fcategories&post=969"},{"taxonomy":"post_tag","embeddable":true,"href":"https:\/\/professorlemos.com.br\/index.php?rest_route=%2Fwp%2Fv2%2Ftags&post=969"}],"curies":[{"name":"wp","href":"https:\/\/api.w.org\/{rel}","templated":true}]}}