{"id":975,"date":"2021-05-24T18:05:29","date_gmt":"2021-05-24T21:05:29","guid":{"rendered":"http:\/\/professorlemos.com.br\/?p=975"},"modified":"2021-05-24T18:13:46","modified_gmt":"2021-05-24T21:13:46","slug":"lemos-pede-suspensao-imediata-das-aulas-presenciais-no-parana","status":"publish","type":"post","link":"https:\/\/professorlemos.com.br\/?p=975","title":{"rendered":"Lemos pede suspens\u00e3o imediata das aulas presenciais no Paran\u00e1"},"content":{"rendered":"\n<p>Preocupado com professores, funcion\u00e1rios de escolas e estudantes da rede estadual de ensino no momento em que o Paran\u00e1 est\u00e1 prestes a enfrentar a terceira onda da pandemia do coronav\u00edrus, o deputado Professor Lemos (PT) defendeu hoje (24) a suspens\u00e3o imediata das aulas presenciais no Estado.<\/p>\n\n\n\n<p>\u201cHoje o governo ampliou para mais de 800 escolas a retomada das aulas presenciais, na semana passada eram 200. Isto tem estimulado que as redes municipais tamb\u00e9m retomem as aulas, no momento em que estamos acompanhando o aumento da contamina\u00e7\u00e3o e do n\u00famero de \u00f3bitos pelo coronavirus. \u00c9 muito perigoso. O momento n\u00e3o est\u00e1 para relaxar as restri\u00e7\u00f5es. O momento exige que a gente fa\u00e7a mais restri\u00e7\u00f5es. Estamos pr\u00f3ximos da terceira onda. O alerta vem de todos os lados\u201d, destacou.<\/p>\n\n\n\n<p>L\u00edder da oposi\u00e7\u00e3o na Assembleia Legislativa (Alep), Lemos ressaltou que, ao contr\u00e1rio do que informa o Poder Executivo, os col\u00e9gios da rede p\u00fablica n\u00e3o t\u00eam condi\u00e7\u00f5es estruturais para garantir a seguran\u00e7a sanit\u00e1ria de estudantes, professores e funcion\u00e1rios de escolas.<\/p>\n\n\n\n<p>\u201cAs UTIs est\u00e3o sobrecarregadas, na maioria dos hospitais j\u00e1 n\u00e3o tem mais nem enfermaria. J\u00e1 faz muitos dias que j\u00e1 tem pacientes morrendo por falta de UTIs. \u00c9 muito triste ver o governo chamando aulas presenciais e dizendo que isso acontece com seguran\u00e7a. Os diretores de t\u00eam reportado que n\u00e3o tem seguran\u00e7a para receber as crian\u00e7as nas escolas estaduais contra a Covid-19, nem para as crian\u00e7as, nem para os professores e funcion\u00e1rios de escolas\u201d.<\/p>\n\n\n\n<p>O deputado fez novamente um apelo para que o governador determine a suspens\u00e3o das aulas presenciais.<\/p>\n\n\n\n<p>\u201cMais uma vez quero conclamar ao governador que suspenda esta determina\u00e7\u00e3o e que corra atr\u00e1s de vacinas, cobre do governo federal, para que o Paran\u00e1 possa vacinar a popula\u00e7\u00e3o, vacinar os profissionais da educa\u00e7\u00e3o, da seguran\u00e7a publica. Segundo pesquisadores, precisamos vacinar pelo menos 70% da popula\u00e7\u00e3o para termos aulas presenciais, para voltamos \u00e0 normalidade. A pandemia n\u00e3o recuou, esta em ascens\u00e3o\u201d, alertou.<\/p>\n\n\n\n<figure class=\"wp-block-video\"><video height=\"540\" style=\"aspect-ratio: 960 \/ 540;\" width=\"960\" controls src=\"http:\/\/professorlemos.com.br\/wp-content\/uploads\/2021\/05\/lemos-educ.mp4\"><\/video><\/figure>\n\n\n\n<p><\/p>\n","protected":false},"excerpt":{"rendered":"<p>Preocupado com professores, funcion\u00e1rios de escolas e estudantes da rede estadual de ensino no momento em que o Paran\u00e1 est\u00e1 prestes a enfrentar a terceira onda da pandemia do coronav\u00edrus, o deputado Professor Lemos (PT) defendeu hoje (24) a suspens\u00e3o imediata das aulas presenciais no Estado. \u201cHoje o governo ampliou para mais de 800 escolas [&hellip;]<\/p>\n","protected":false},"author":1,"featured_media":850,"comment_status":"open","ping_status":"open","sticky":false,"template":"","format":"standard","meta":{"footnotes":""},"categories":[35,1],"tags":[],"class_list":{"0":"post-975","1":"post","2":"type-post","3":"status-publish","4":"format-standard","5":"has-post-thumbnail","7":"category-educacao","8":"category-sem-categoria"},"_links":{"self":[{"href":"https:\/\/professorlemos.com.br\/index.php?rest_route=\/wp\/v2\/posts\/975","targetHints":{"allow":["GET"]}}],"collection":[{"href":"https:\/\/professorlemos.com.br\/index.php?rest_route=\/wp\/v2\/posts"}],"about":[{"href":"https:\/\/professorlemos.com.br\/index.php?rest_route=\/wp\/v2\/types\/post"}],"author":[{"embeddable":true,"href":"https:\/\/professorlemos.com.br\/index.php?rest_route=\/wp\/v2\/users\/1"}],"replies":[{"embeddable":true,"href":"https:\/\/professorlemos.com.br\/index.php?rest_route=%2Fwp%2Fv2%2Fcomments&post=975"}],"version-history":[{"count":2,"href":"https:\/\/professorlemos.com.br\/index.php?rest_route=\/wp\/v2\/posts\/975\/revisions"}],"predecessor-version":[{"id":979,"href":"https:\/\/professorlemos.com.br\/index.php?rest_route=\/wp\/v2\/posts\/975\/revisions\/979"}],"wp:featuredmedia":[{"embeddable":true,"href":"https:\/\/professorlemos.com.br\/index.php?rest_route=\/wp\/v2\/media\/850"}],"wp:attachment":[{"href":"https:\/\/professorlemos.com.br\/index.php?rest_route=%2Fwp%2Fv2%2Fmedia&parent=975"}],"wp:term":[{"taxonomy":"category","embeddable":true,"href":"https:\/\/professorlemos.com.br\/index.php?rest_route=%2Fwp%2Fv2%2Fcategories&post=975"},{"taxonomy":"post_tag","embeddable":true,"href":"https:\/\/professorlemos.com.br\/index.php?rest_route=%2Fwp%2Fv2%2Ftags&post=975"}],"curies":[{"name":"wp","href":"https:\/\/api.w.org\/{rel}","templated":true}]}}