{"id":980,"date":"2021-05-31T17:26:19","date_gmt":"2021-05-31T20:26:19","guid":{"rendered":"http:\/\/professorlemos.com.br\/?p=980"},"modified":"2021-05-31T17:26:21","modified_gmt":"2021-05-31T20:26:21","slug":"retomada-das-aulas-presenciais-esta-levando-educadores-a-morte-alerta-lemos","status":"publish","type":"post","link":"https:\/\/professorlemos.com.br\/?p=980","title":{"rendered":"Retomada das aulas presenciais est\u00e1 levando educadores \u00e0 morte, alerta Lemos"},"content":{"rendered":"\n<p>A retomada das aulas presenciais nas escolas da rede estadual de ensino, determinada pelo governo Ratinho Jr. desde o dia 10 de maio, est\u00e1 causando a contamina\u00e7\u00e3o pelo coronav\u00edrus de professores e funcion\u00e1rios de escolas, levando inclusive muitos profissionais da educa\u00e7\u00e3o \u00e0 morte, alertou hoje (31) o deputado Professor Lemos (PT).<\/p>\n\n\n\n<p>Em discurso na Assembleia Legislativa (Alep), Lemos destacou que, apenas no \u00faltimo final de semana, oito educadores do Paran\u00e1 morreram v\u00edtimas da Covid-19.<\/p>\n\n\n\n<p>\u201cPerdemos nos \u00faltimos tr\u00eas dias oito educadores v\u00edtimas da Covid, entre professores e funcion\u00e1rios de escola, da rede estadual. A funcion\u00e1ria Rose, de Campo Largo. O professor Dimas, de Guarapuava. A Ione Lopes, funcion\u00e1ria de escola de Marialva. Tamb\u00e9m faleceu a professora Jana\u00edna, de Santo Ant\u00f4nio da Platina. No s\u00e1bado de amanh\u00e3, o professor Claudinei Leonel do munic\u00edpio de S\u00e3o Jorge do Patroc\u00ednio. Tamb\u00e9m a funcion\u00e1ria Marisa Nunes, de Toledo. O professor Ant\u00f4nio Altair, de Guarapuava. Ainda o professor Edinho, de Pitanga. Foram oito vidas. Morreram precocemente por conta da Covid. Todos estavam convocados a comparecer \u00e0s escolas\u201d, lamentou o parlamentar, prestando toda solidariedade \u00e0s fam\u00edlias e amigos dos educadores.<\/p>\n\n\n\n<p>Mais uma vez, o deputado fez um apelo para que o governador Ratinho Jr. determine a suspens\u00e3o imediata das aulas presenciais, neste momento em que a pandemia est\u00e1 fora de controle.<\/p>\n\n\n\n<p>\u201cMesmo as escolas que n\u00e3o receberam alunos, os professores e funcion\u00e1rios est\u00e3o obrigados a comparecer presencialmente. Est\u00e3o comparecendo nas escolas e est\u00e3o morrendo! Estamos com falta de vagas para internamento, no sistema privado ou p\u00fablico. N\u00e3o tem UTI. Mesmo nas escolas que detectaram a presen\u00e7a do coronav\u00edrus, a Secretaria de Educa\u00e7\u00e3o convocou os professores e funcion\u00e1rios. O governador precisa suspender com urg\u00eancia as atividades presenciais, s\u00e3o mortes que poderiam ser evitadas!\u201d.<\/p>\n","protected":false},"excerpt":{"rendered":"<p>A retomada das aulas presenciais nas escolas da rede estadual de ensino, determinada pelo governo Ratinho Jr. desde o dia 10 de maio, est\u00e1 causando a contamina\u00e7\u00e3o pelo coronav\u00edrus de professores e funcion\u00e1rios de escolas, levando inclusive muitos profissionais da educa\u00e7\u00e3o \u00e0 morte, alertou hoje (31) o deputado Professor Lemos (PT). Em discurso na Assembleia [&hellip;]<\/p>\n","protected":false},"author":1,"featured_media":981,"comment_status":"open","ping_status":"open","sticky":false,"template":"","format":"standard","meta":{"footnotes":""},"categories":[35],"tags":[],"class_list":{"0":"post-980","1":"post","2":"type-post","3":"status-publish","4":"format-standard","5":"has-post-thumbnail","7":"category-educacao"},"_links":{"self":[{"href":"https:\/\/professorlemos.com.br\/index.php?rest_route=\/wp\/v2\/posts\/980","targetHints":{"allow":["GET"]}}],"collection":[{"href":"https:\/\/professorlemos.com.br\/index.php?rest_route=\/wp\/v2\/posts"}],"about":[{"href":"https:\/\/professorlemos.com.br\/index.php?rest_route=\/wp\/v2\/types\/post"}],"author":[{"embeddable":true,"href":"https:\/\/professorlemos.com.br\/index.php?rest_route=\/wp\/v2\/users\/1"}],"replies":[{"embeddable":true,"href":"https:\/\/professorlemos.com.br\/index.php?rest_route=%2Fwp%2Fv2%2Fcomments&post=980"}],"version-history":[{"count":1,"href":"https:\/\/professorlemos.com.br\/index.php?rest_route=\/wp\/v2\/posts\/980\/revisions"}],"predecessor-version":[{"id":982,"href":"https:\/\/professorlemos.com.br\/index.php?rest_route=\/wp\/v2\/posts\/980\/revisions\/982"}],"wp:featuredmedia":[{"embeddable":true,"href":"https:\/\/professorlemos.com.br\/index.php?rest_route=\/wp\/v2\/media\/981"}],"wp:attachment":[{"href":"https:\/\/professorlemos.com.br\/index.php?rest_route=%2Fwp%2Fv2%2Fmedia&parent=980"}],"wp:term":[{"taxonomy":"category","embeddable":true,"href":"https:\/\/professorlemos.com.br\/index.php?rest_route=%2Fwp%2Fv2%2Fcategories&post=980"},{"taxonomy":"post_tag","embeddable":true,"href":"https:\/\/professorlemos.com.br\/index.php?rest_route=%2Fwp%2Fv2%2Ftags&post=980"}],"curies":[{"name":"wp","href":"https:\/\/api.w.org\/{rel}","templated":true}]}}