{"id":985,"date":"2021-06-09T18:35:54","date_gmt":"2021-06-09T21:35:54","guid":{"rendered":"http:\/\/professorlemos.com.br\/?p=985"},"modified":"2021-06-09T18:35:57","modified_gmt":"2021-06-09T21:35:57","slug":"oposicao-pede-ao-ministerio-publico-investigacao-de-irregularidades-na-atividade-parana","status":"publish","type":"post","link":"https:\/\/professorlemos.com.br\/?p=985","title":{"rendered":"Oposi\u00e7\u00e3o pede ao Minist\u00e9rio P\u00fablico investiga\u00e7\u00e3o de irregularidades na Atividade Paran\u00e1"},"content":{"rendered":"\n<p>Os deputados de oposi\u00e7\u00e3o apresentaram na tarde desta quarta-feira (9) representa\u00e7\u00e3o ao Minist\u00e9rio P\u00fablico Estadual (MP-PR) solicitando que sejam apuradas, com urg\u00eancia, as den\u00fancias de irregularidades relacionadas \u00e0 aplica\u00e7\u00e3o da Atividade Paran\u00e1 Diagn\u00f3stica, que substitui a Prova Paran\u00e1, avalia\u00e7\u00e3o realizada hoje pela Secretaria da Educa\u00e7\u00e3o (Seed) para medir a qualidade do ensino nas escolas p\u00fablicas durante a pandemia do coronav\u00edrus.<\/p>\n\n\n\n<p>Entre os problemas apontados pelos deputados est\u00e1 a dificuldade dos estudantes para acessar o site da prova, que ficou indispon\u00edvel durante toda a manh\u00e3 em raz\u00e3o da grande quantidade de acessos simult\u00e2neos, fato que impediu muitos alunos de realizar o teste; e o mais grave, as provas aplicadas no Paran\u00e1 s\u00e3o id\u00eanticas aos exames aplicados em mar\u00e7o em Minas Gerais, de forma que os gabaritos estavam dispon\u00edveis na internet desde o in\u00edcio do teste. Com isso, os gabaritos foram amplamente compartilhados nas redes sociais e estavam dispon\u00edveis aos estudantes durante toda a realiza\u00e7\u00e3o da avalia\u00e7\u00e3o.<\/p>\n\n\n\n<p>Os parlamentares solicitaram tamb\u00e9m, no Pedido de Provid\u00eancias, que o MP-PR apure as circunst\u00e2ncias da contrata\u00e7\u00e3o da UFJF (Universidade Federal de Juiz de Fora) \u2013 CAEd (Centro de Pol\u00edticas P\u00fablicas e Avalia\u00e7\u00e3o), pelo valor de R$ 13,4 milh\u00f5es com dispensa de licita\u00e7\u00e3o, para aplicar a prova aos estudantes paranaenses pela Seed.<\/p>\n\n\n\n<p>\u201cA Prova Paran\u00e1 \u00e9, na verdade, um grande fiasco promovido pelo Secret\u00e1rio de Educa\u00e7\u00e3o do Estado na rede p\u00fablica de ensino, um verdadeiro absurdo, um desrespeito com a comunidade escolar. Desrespeito com os estudantes, seus familiares, com os professores e funcion\u00e1rios de escolas, com a sociedade paranaense. Estamos entrando com uma representa\u00e7\u00e3o no Minist\u00e9rio P\u00fablico solicitando provid\u00eancias urgentes para responsabilizar quem causou este grande fiasco, contra o interesse p\u00fablico, com dinheiro p\u00fablico sendo gasto indevidamente\u201d, cobrou o deputado Professor Lemos (PT), l\u00edder da oposi\u00e7\u00e3o na Assembleia.<\/p>\n\n\n\n<p>Assinaram o Pedido de Providencias os deputados Arilson Chiorato (PT), Goura (PDT), Luciana Rafagnin (PT), Professor Lemos (PT), Requi\u00e3o Filho (MDB) e Tadeu Veneri (PT).<\/p>\n","protected":false},"excerpt":{"rendered":"<p>Os deputados de oposi\u00e7\u00e3o apresentaram na tarde desta quarta-feira (9) representa\u00e7\u00e3o ao Minist\u00e9rio P\u00fablico Estadual (MP-PR) solicitando que sejam apuradas, com urg\u00eancia, as den\u00fancias de irregularidades relacionadas \u00e0 aplica\u00e7\u00e3o da Atividade Paran\u00e1 Diagn\u00f3stica, que substitui a Prova Paran\u00e1, avalia\u00e7\u00e3o realizada hoje pela Secretaria da Educa\u00e7\u00e3o (Seed) para medir a qualidade do ensino nas escolas p\u00fablicas [&hellip;]<\/p>\n","protected":false},"author":1,"featured_media":986,"comment_status":"open","ping_status":"open","sticky":false,"template":"","format":"standard","meta":{"footnotes":""},"categories":[35],"tags":[],"class_list":{"0":"post-985","1":"post","2":"type-post","3":"status-publish","4":"format-standard","5":"has-post-thumbnail","7":"category-educacao"},"_links":{"self":[{"href":"https:\/\/professorlemos.com.br\/index.php?rest_route=\/wp\/v2\/posts\/985","targetHints":{"allow":["GET"]}}],"collection":[{"href":"https:\/\/professorlemos.com.br\/index.php?rest_route=\/wp\/v2\/posts"}],"about":[{"href":"https:\/\/professorlemos.com.br\/index.php?rest_route=\/wp\/v2\/types\/post"}],"author":[{"embeddable":true,"href":"https:\/\/professorlemos.com.br\/index.php?rest_route=\/wp\/v2\/users\/1"}],"replies":[{"embeddable":true,"href":"https:\/\/professorlemos.com.br\/index.php?rest_route=%2Fwp%2Fv2%2Fcomments&post=985"}],"version-history":[{"count":1,"href":"https:\/\/professorlemos.com.br\/index.php?rest_route=\/wp\/v2\/posts\/985\/revisions"}],"predecessor-version":[{"id":987,"href":"https:\/\/professorlemos.com.br\/index.php?rest_route=\/wp\/v2\/posts\/985\/revisions\/987"}],"wp:featuredmedia":[{"embeddable":true,"href":"https:\/\/professorlemos.com.br\/index.php?rest_route=\/wp\/v2\/media\/986"}],"wp:attachment":[{"href":"https:\/\/professorlemos.com.br\/index.php?rest_route=%2Fwp%2Fv2%2Fmedia&parent=985"}],"wp:term":[{"taxonomy":"category","embeddable":true,"href":"https:\/\/professorlemos.com.br\/index.php?rest_route=%2Fwp%2Fv2%2Fcategories&post=985"},{"taxonomy":"post_tag","embeddable":true,"href":"https:\/\/professorlemos.com.br\/index.php?rest_route=%2Fwp%2Fv2%2Ftags&post=985"}],"curies":[{"name":"wp","href":"https:\/\/api.w.org\/{rel}","templated":true}]}}