{"id":988,"date":"2021-06-14T17:33:19","date_gmt":"2021-06-14T20:33:19","guid":{"rendered":"http:\/\/professorlemos.com.br\/?p=988"},"modified":"2021-06-14T17:33:23","modified_gmt":"2021-06-14T20:33:23","slug":"lemos-ao-forcar-presenca-nas-escolas-governo-esta-provocando-contaminacao-e-levando-educadores-a-morte","status":"publish","type":"post","link":"https:\/\/professorlemos.com.br\/?p=988","title":{"rendered":"Lemos: ao for\u00e7ar presen\u00e7a nas escolas, governo est\u00e1 provocando contamina\u00e7\u00e3o e levando educadores \u00e0 morte"},"content":{"rendered":"\n<p>Ao abrir as escolas estaduais e a for\u00e7ar a presen\u00e7a de professores e funcion\u00e1rios nos col\u00e9gios no pior momento da pandemia, o governo Ratinho Jr. est\u00e1 causando a contamina\u00e7\u00e3o e levando \u00e0 morte professores e funcion\u00e1rios de escolas do Paran\u00e1, denunciou hoje (14) o deputado Professor Lemos (PT).<\/p>\n\n\n\n<p>Em discurso na Assembleia, Lemos destacou que os educadores do Paran\u00e1 est\u00e3o gritando por socorro. \u201cO governo precisa parar com esta matan\u00e7a de professores e funcion\u00e1rios de escolas. Est\u00e3o sendo obrigados a comparecer \u00e0s escolas e est\u00e3o morrendo! O maior n\u00famero de professores e funcion\u00e1rios de escolas que est\u00e1 morrendo por Covid no Brasil \u00e9 aqui no Paran\u00e1. Por isso nosso grito de socorro. N\u00e3o d\u00e1 para continuar desse jeito!\u201d.<\/p>\n\n\n\n<p>O deputado ressaltou que que as not\u00edcias da morte de educadores, de todas as regi\u00f5es do Paran\u00e1, chegam a todo momento e defendeu a suspens\u00e3o das atividades presenciais nas escolas. \u201cEstamos tendo muitas mortes entre os trabalhadores da educa\u00e7\u00e3o, da rede p\u00fablica de ensino. S\u00f3 hoje foram v\u00e1rios colegas que faleceram. A cada hora chega not\u00edcia de mais professores e funcion\u00e1rios de escolas que est\u00e3o morrendo de Covid. O governo precisa suspender a presen\u00e7a nas escolas, mantendo o trabalho remoto. Depois do recesso de julho certamente professores e funcion\u00e1rios estar\u00e3o vacinados com a segunda dose, e ent\u00e3o pode convocar aula presencial para todo mundo\u201d.<\/p>\n","protected":false},"excerpt":{"rendered":"<p>Ao abrir as escolas estaduais e a for\u00e7ar a presen\u00e7a de professores e funcion\u00e1rios nos col\u00e9gios no pior momento da pandemia, o governo Ratinho Jr. est\u00e1 causando a contamina\u00e7\u00e3o e levando \u00e0 morte professores e funcion\u00e1rios de escolas do Paran\u00e1, denunciou hoje (14) o deputado Professor Lemos (PT). Em discurso na Assembleia, Lemos destacou que [&hellip;]<\/p>\n","protected":false},"author":1,"featured_media":989,"comment_status":"open","ping_status":"open","sticky":false,"template":"","format":"standard","meta":{"footnotes":""},"categories":[35],"tags":[],"class_list":{"0":"post-988","1":"post","2":"type-post","3":"status-publish","4":"format-standard","5":"has-post-thumbnail","7":"category-educacao"},"_links":{"self":[{"href":"https:\/\/professorlemos.com.br\/index.php?rest_route=\/wp\/v2\/posts\/988","targetHints":{"allow":["GET"]}}],"collection":[{"href":"https:\/\/professorlemos.com.br\/index.php?rest_route=\/wp\/v2\/posts"}],"about":[{"href":"https:\/\/professorlemos.com.br\/index.php?rest_route=\/wp\/v2\/types\/post"}],"author":[{"embeddable":true,"href":"https:\/\/professorlemos.com.br\/index.php?rest_route=\/wp\/v2\/users\/1"}],"replies":[{"embeddable":true,"href":"https:\/\/professorlemos.com.br\/index.php?rest_route=%2Fwp%2Fv2%2Fcomments&post=988"}],"version-history":[{"count":1,"href":"https:\/\/professorlemos.com.br\/index.php?rest_route=\/wp\/v2\/posts\/988\/revisions"}],"predecessor-version":[{"id":990,"href":"https:\/\/professorlemos.com.br\/index.php?rest_route=\/wp\/v2\/posts\/988\/revisions\/990"}],"wp:featuredmedia":[{"embeddable":true,"href":"https:\/\/professorlemos.com.br\/index.php?rest_route=\/wp\/v2\/media\/989"}],"wp:attachment":[{"href":"https:\/\/professorlemos.com.br\/index.php?rest_route=%2Fwp%2Fv2%2Fmedia&parent=988"}],"wp:term":[{"taxonomy":"category","embeddable":true,"href":"https:\/\/professorlemos.com.br\/index.php?rest_route=%2Fwp%2Fv2%2Fcategories&post=988"},{"taxonomy":"post_tag","embeddable":true,"href":"https:\/\/professorlemos.com.br\/index.php?rest_route=%2Fwp%2Fv2%2Ftags&post=988"}],"curies":[{"name":"wp","href":"https:\/\/api.w.org\/{rel}","templated":true}]}}